{"id":27795,"date":"2021-11-07T12:00:04","date_gmt":"2021-11-07T12:00:04","guid":{"rendered":"https:\/\/www.echveria.es\/?p=27795"},"modified":"2022-06-17T09:59:25","modified_gmt":"2022-06-17T09:59:25","slug":"por-que-es-tan-importante-reducir-nuestra-paleta-de-colores","status":"publish","type":"post","link":"https:\/\/www.martagarciailustracion.com\/en\/por-que-es-tan-importante-reducir-nuestra-paleta-de-colores\/","title":{"rendered":"Why is it so important to reduce our color palette?"},"content":{"rendered":"<div class=\"wpb-content-wrapper\"><div id=\"vc_row-69f2434a5b138\" class=\"vc_row wpb_row vc_row-fluid thegem-custom-69f2434a5b0b77514\"><div class=\"wpb_column vc_column_container vc_col-sm-12 thegem-custom-69f2434a5b7d32724\" ><div class=\"vc_column-inner thegem-custom-inner-69f2434a5b7d6\"><div class=\"wpb_wrapper thegem-custom-69f2434a5b7d32724\">\r\n\t\r\n\t\t<div class=\"wpb_text_column wpb_content_element  thegem-vc-text thegem-custom-69f2434a5bda59559\"  >\r\n\t\t\t<div class=\"wpb_wrapper\">\r\n\t\t\t\t<h1 style=\"text-align: center;\">Why is it so important to reduce our color palette?<\/h1>\n\r\n\t\t\t<\/div>\r\n\t\t\t<style>@media screen and (max-width: 1023px) {.thegem-vc-text.thegem-custom-69f2434a5bda59559{display: block!important;}}@media screen and (max-width: 767px) {.thegem-vc-text.thegem-custom-69f2434a5bda59559{display: block!important;}}@media screen and (max-width: 1023px) {.thegem-vc-text.thegem-custom-69f2434a5bda59559{position: relative !important;}}@media screen and (max-width: 767px) {.thegem-vc-text.thegem-custom-69f2434a5bda59559{position: relative !important;}}<\/style>\r\n\t\t<\/div>\r\n\t\r\n<\/div><\/div><\/div><\/div><div id=\"vc_row-69f2434a5c637\" class=\"vc_row wpb_row vc_row-fluid thegem-custom-69f2434a5c61d3129\"><div class=\"wpb_column vc_column_container vc_col-sm-6 thegem-custom-69f2434a5cc4c1155\" ><div class=\"vc_column-inner thegem-custom-inner-69f2434a5cc50\"><div class=\"wpb_wrapper thegem-custom-69f2434a5cc4c1155\">\r\n\t\r\n\t\t<div class=\"wpb_text_column wpb_content_element  thegem-vc-text thegem-custom-69f2434a5cefc4623\"  >\r\n\t\t\t<div class=\"wpb_wrapper\">\r\n\t\t\t\t<p>\u00a1Bienvenidos de nuevo!<\/p>\n<p>El post de hoy va dedicado al color, a la importancia de reducir nuestra paleta de colores \u00a1sobre todo si somos principiantes!.<\/p>\n<p>Cuando entro en la secci\u00f3n de acuarelas de una tienda de Bellas Artes se me llenan los ojos de amor al ver tanta cantidad de colores preciosos y pienso, \u00a1\u00a1\u00a1quiero probarlos todos!!! . Supongo que a la mayor\u00eda de vosotros os habr\u00e1 pasado algo similar.<\/p>\n<p>Como os coment\u00e9 en mi <a href=\"https:\/\/www.martagarciailustracion.com\/en\/comparativa-entre-marcas-turquesa-de-cobalto\/\">post sobre el turquesa de cobalto<\/a> (os dejo el enlace a este post por si no lo hab\u00e9is le\u00eddo), cada marca hace su propia combinaci\u00f3n de pigmentos para conseguir su propio color. Como consumidores, esto no nos ayuda porque \u00a1\u00a1nos abre todav\u00eda m\u00e1s opciones!!.<\/p>\n\r\n\t\t\t<\/div>\r\n\t\t\t<style>@media screen and (max-width: 1023px) {.thegem-vc-text.thegem-custom-69f2434a5cefc4623{display: block!important;}}@media screen and (max-width: 767px) {.thegem-vc-text.thegem-custom-69f2434a5cefc4623{display: block!important;}}@media screen and (max-width: 1023px) {.thegem-vc-text.thegem-custom-69f2434a5cefc4623{position: relative !important;}}@media screen and (max-width: 767px) {.thegem-vc-text.thegem-custom-69f2434a5cefc4623{position: relative !important;}}<\/style>\r\n\t\t<\/div>\r\n\t\r\n<\/div><\/div><\/div><div class=\"wpb_column vc_column_container vc_col-sm-6 thegem-custom-69f2434a5d47b1889\" ><div class=\"vc_column-inner thegem-custom-inner-69f2434a5d47f\"><div class=\"wpb_wrapper thegem-custom-69f2434a5d47b1889\">\r\n\t\r\n\t<div  class=\"wpb_single_image wpb_content_element vc_align_left\" >\r\n\t\t\r\n\t\t<figure class=\"wpb_wrapper vc_figure\">\r\n\t\t\t<div class=\"vc_single_image-wrapper   vc_box_border_grey\"><img width=\"862\" height=\"800\" src=\"https:\/\/www.martagarciailustracion.com\/wp-content\/uploads\/2021\/10\/02-3.jpg\" class=\"vc_single_image-img attachment-large\" alt=\"\" title=\"02\" srcset=\"https:\/\/www.martagarciailustracion.com\/wp-content\/uploads\/2021\/10\/02-3.jpg 862w, https:\/\/www.martagarciailustracion.com\/wp-content\/uploads\/2021\/10\/02-3-600x557.jpg 600w\" sizes=\"(max-width: 862px) 100vw, 862px\" \/><\/div>\r\n\t\t<\/figure>\r\n\t<\/div>\r\n\t\r\n<\/div><\/div><\/div><\/div><div id=\"vc_row-69f2434a5e8ce\" class=\"vc_row wpb_row vc_row-fluid thegem-custom-69f2434a5e8bb8332\"><div class=\"wpb_column vc_column_container vc_col-sm-12 thegem-custom-69f2434a5ee0e2838\" ><div class=\"vc_column-inner thegem-custom-inner-69f2434a5ee11\"><div class=\"wpb_wrapper thegem-custom-69f2434a5ee0e2838\">\r\n\t\r\n\t\t<div class=\"wpb_text_column wpb_content_element  thegem-vc-text thegem-custom-69f2434a5f0a25864\"  >\r\n\t\t\t<div class=\"wpb_wrapper\">\r\n\t\t\t\t<p>Con restringir los colores de nuestra paleta no quiero decir que no podamos comprar y probar colores nuevos, \u00a1\u00a1\u00a1lo contrario!!!, es muy importante alimentar a ese ser creativo que vive en nosotros. A lo que me refiero es, que a la hora de afrontar una obra, es importante que reduzcamos los colores que vamos a utilizar. De esta forma conseguiremos colores armoniosos que combinan perfectamente entre ellos.<\/p>\n\r\n\t\t\t<\/div>\r\n\t\t\t<style>@media screen and (max-width: 1023px) {.thegem-vc-text.thegem-custom-69f2434a5f0a25864{display: block!important;}}@media screen and (max-width: 767px) {.thegem-vc-text.thegem-custom-69f2434a5f0a25864{display: block!important;}}@media screen and (max-width: 1023px) {.thegem-vc-text.thegem-custom-69f2434a5f0a25864{position: relative !important;}}@media screen and (max-width: 767px) {.thegem-vc-text.thegem-custom-69f2434a5f0a25864{position: relative !important;}}<\/style>\r\n\t\t<\/div>\r\n\t\r\n<\/div><\/div><\/div><\/div><div id=\"vc_row-69f2434a5f73a\" class=\"vc_row wpb_row vc_row-fluid thegem-custom-69f2434a5f7281712\"><div class=\"wpb_column vc_column_container vc_col-sm-12 thegem-custom-69f2434a5fc656919\" ><div class=\"vc_column-inner thegem-custom-inner-69f2434a5fc68\"><div class=\"wpb_wrapper thegem-custom-69f2434a5fc656919\">\r\n\t\r\n\t\t<div class=\"wpb_text_column wpb_content_element  thegem-vc-text thegem-custom-69f2434a5ff0d2966\"  >\r\n\t\t\t<div class=\"wpb_wrapper\">\r\n\t\t\t\t<h2>MI EXPERIENCIA<\/h2>\n<p>Mi primera paleta de colores fue la colecci\u00f3n completa de acuarelas Cotman &#8230;. 45 medios godets \u00a1\u00a1 y me parec\u00edan pocos !!. No tard\u00e9 en comprarme alg\u00fan color m\u00e1s de la gama profesional para terminar de llenar la caja.<\/p>\n<p>\u00bfQu\u00e9 me ocurri\u00f3?<\/p>\n<p>Cuando practicaba imagenes sacadas de fotograf\u00edas todo iba bien. Sacaba mi paleta de colores y solo trabajaba con esos colores.<\/p>\n<p>Mi gran problema ven\u00eda cuando intentaba ser creativa. Mezclaba colores al tun tun y a veces sal\u00eda bien, pero la gran mayor\u00eda de las veces no. Terminaban siendo ilustraciones muy cantosas sin armon\u00eda en los colores.<\/p>\n<p>Con el paso del tiempo, fui d\u00e1ndome cuenta de que <strong>menos es m\u00e1s<\/strong>. Fue entonces cuando empec\u00e9 a fijarme en cuales eran mis colores favoritos, cuales eran los que m\u00e1s me hac\u00edan vibrar de emoci\u00f3n al utlizarlos.<\/p>\n<p>Comenc\u00e9 a hacerme tablas de mezclas para ver que colores sal\u00edan al unir mis colores favoritos, algunos me encantaban, otros no tanto.<\/p>\n<p>Es un proceso de autoconocimiento, lento, pero muy emocionante.<\/p>\n\r\n\t\t\t<\/div>\r\n\t\t\t<style>@media screen and (max-width: 1023px) {.thegem-vc-text.thegem-custom-69f2434a5ff0d2966{display: block!important;}}@media screen and (max-width: 767px) {.thegem-vc-text.thegem-custom-69f2434a5ff0d2966{display: block!important;}}@media screen and (max-width: 1023px) {.thegem-vc-text.thegem-custom-69f2434a5ff0d2966{position: relative !important;}}@media screen and (max-width: 767px) {.thegem-vc-text.thegem-custom-69f2434a5ff0d2966{position: relative !important;}}<\/style>\r\n\t\t<\/div>\r\n\t\r\n<\/div><\/div><\/div><\/div><div id=\"vc_row-69f2434a605c8\" class=\"vc_row wpb_row vc_row-fluid thegem-custom-69f2434a605b7498\"><div class=\"wpb_column vc_column_container vc_col-sm-6 thegem-custom-69f2434a60b037790\" ><div class=\"vc_column-inner thegem-custom-inner-69f2434a60b06\"><div class=\"wpb_wrapper thegem-custom-69f2434a60b037790\">\r\n\t\r\n\t\t<div class=\"wpb_text_column wpb_content_element  thegem-vc-text thegem-custom-69f2434a60d91571\"  >\r\n\t\t\t<div class=\"wpb_wrapper\">\r\n\t\t\t\t<h2>MI PALETA ACTUAL<\/h2>\n<p>Actualmente trabajo con la paleta de Art Toolkit.<\/p>\n<p>Yo la compr\u00e9 en <a href=\"https:\/\/www.artemiranda.es\/art-toolkit-pocket-palette-14-godets-standart\/24222\">Artemiranda<\/a> por 37\u20ac. Es un poco cara, pero para mi, merece la pena.<\/p>\n<p>Se rellena con tubos de acuarela y tiene capacidad para 14 colores y, lo m\u00e1s importante, es tan peque\u00f1a que cabe perfectamente\u00a0 \u00a1\u00a1 incluso en el bolsillo de una camisa !!. Abajo en la galer\u00eda de im\u00e1genes os dejo fotos de como se ve.<\/p>\n\r\n\t\t\t<\/div>\r\n\t\t\t<style>@media screen and (max-width: 1023px) {.thegem-vc-text.thegem-custom-69f2434a60d91571{display: block!important;}}@media screen and (max-width: 767px) {.thegem-vc-text.thegem-custom-69f2434a60d91571{display: block!important;}}@media screen and (max-width: 1023px) {.thegem-vc-text.thegem-custom-69f2434a60d91571{position: relative !important;}}@media screen and (max-width: 767px) {.thegem-vc-text.thegem-custom-69f2434a60d91571{position: relative !important;}}<\/style>\r\n\t\t<\/div>\r\n\t\r\n<\/div><\/div><\/div><div class=\"wpb_column vc_column_container vc_col-sm-6 thegem-custom-69f2434a612ed3667\" ><div class=\"vc_column-inner thegem-custom-inner-69f2434a612f0\"><div class=\"wpb_wrapper thegem-custom-69f2434a612ed3667\">\r\n\t\r\n\t<div  class=\"wpb_single_image wpb_content_element vc_align_center\" >\r\n\t\t\r\n\t\t<figure class=\"wpb_wrapper vc_figure\">\r\n\t\t\t<div class=\"vc_single_image-wrapper   vc_box_border_grey\"><\/div>\r\n\t\t<\/figure>\r\n\t<\/div>\r\n\t\r\n<\/div><\/div><\/div><\/div><div id=\"vc_row-69f2434a62203\" class=\"vc_row wpb_row vc_row-fluid thegem-custom-69f2434a621f03284\"><div class=\"wpb_column vc_column_container vc_col-sm-6 thegem-custom-69f2434a6275c5307\" ><div class=\"vc_column-inner thegem-custom-inner-69f2434a6275f\"><div class=\"wpb_wrapper thegem-custom-69f2434a6275c5307\">\r\n\t\r\n\t\t<div class=\"wpb_text_column wpb_content_element  thegem-vc-text thegem-custom-69f2434a62a236211\"  >\r\n\t\t\t<div class=\"wpb_wrapper\">\r\n\t\t\t\t<p>Mi selecci\u00f3n de colores es:<\/p>\n<ul>\n<li>Aureolina &#8211; Sennelier<\/li>\n<li>Amarillo de N\u00e1poles &#8211; Sennelier<\/li>\n<li>Rojo Cadmio Oscuro &#8211; Winsor &amp; Newton (Cotman)<\/li>\n<li>Magenta Permanente &#8211; Winsor &amp; Newton (Artist)<\/li>\n<li>Ultramar Frac\u00e9s &#8211; Sennelier<\/li>\n<li>Turquesa de Cobalto &#8211; Holbein<\/li>\n<li>Tundra Azul &#8211; Schmincke (Horadam)<\/li>\n<li>Verde Oliva &#8211; Sennelier<\/li>\n<li>Bosque Azul &#8211; Schmincke (Horadam)<\/li>\n<li>Turquesa de Cobalto &#8211; Daniel Smith<\/li>\n<li>Ocre Amarillo &#8211; Sennelier<\/li>\n<li>Sienna Tostada &#8211; Winsor &amp; Newton (Cotman)<\/li>\n<li>Sepia &#8211; Winsor &amp; Newton (Cotman)<\/li>\n<li>Gris de Payne &#8211; Sennelier<\/li>\n<\/ul>\n\r\n\t\t\t<\/div>\r\n\t\t\t<style>@media screen and (max-width: 1023px) {.thegem-vc-text.thegem-custom-69f2434a62a236211{display: block!important;}}@media screen and (max-width: 767px) {.thegem-vc-text.thegem-custom-69f2434a62a236211{display: block!important;}}@media screen and (max-width: 1023px) {.thegem-vc-text.thegem-custom-69f2434a62a236211{position: relative !important;}}@media screen and (max-width: 767px) {.thegem-vc-text.thegem-custom-69f2434a62a236211{position: relative !important;}}<\/style>\r\n\t\t<\/div>\r\n\t\r\n<\/div><\/div><\/div><div class=\"wpb_column vc_column_container vc_col-sm-6 thegem-custom-69f2434a62fbe761\" ><div class=\"vc_column-inner thegem-custom-inner-69f2434a62fc1\"><div class=\"wpb_wrapper thegem-custom-69f2434a62fbe761\">\r\n\t\r\n\t<div  class=\"wpb_single_image wpb_content_element vc_align_center\" >\r\n\t\t\r\n\t\t<figure class=\"wpb_wrapper vc_figure\">\r\n\t\t\t<div class=\"vc_single_image-wrapper   vc_box_border_grey\"><\/div>\r\n\t\t<\/figure>\r\n\t<\/div>\r\n\t\r\n<\/div><\/div><\/div><\/div><div id=\"vc_row-69f2434a63e8f\" class=\"vc_row wpb_row vc_row-fluid thegem-custom-69f2434a63e788315\"><div class=\"wpb_column vc_column_container vc_col-sm-12 thegem-custom-69f2434a643e56174\" ><div class=\"vc_column-inner thegem-custom-inner-69f2434a643e9\"><div class=\"wpb_wrapper thegem-custom-69f2434a643e56174\">\r\n\t\r\n\t\t<div class=\"wpb_text_column wpb_content_element  thegem-vc-text thegem-custom-69f2434a646975964\"  >\r\n\t\t\t<div class=\"wpb_wrapper\">\r\n\t\t\t\t<p>Os dejo el enlace a la imagen de la tabla de mezclas de mi paleta.<\/p>\n<p>\u00a1Hay colores preciosos que se pueden conseguir mezclando dos de ellos!<\/p>\n\r\n\t\t\t<\/div>\r\n\t\t\t<style>@media screen and (max-width: 1023px) {.thegem-vc-text.thegem-custom-69f2434a646975964{display: block!important;}}@media screen and (max-width: 767px) {.thegem-vc-text.thegem-custom-69f2434a646975964{display: block!important;}}@media screen and (max-width: 1023px) {.thegem-vc-text.thegem-custom-69f2434a646975964{position: relative !important;}}@media screen and (max-width: 767px) {.thegem-vc-text.thegem-custom-69f2434a646975964{position: relative !important;}}<\/style>\r\n\t\t<\/div>\r\n\t\r\n\r\n\t\r\n\t\t<div class=\"wpb_text_column wpb_content_element  thegem-vc-text thegem-custom-69f2434a648f04356\"  >\r\n\t\t\t<div class=\"wpb_wrapper\">\r\n\t\t\t\t<p>Nos vemos en el siguiente post,<\/p>\n<p>Until next time!<\/p>\n\r\n\t\t\t<\/div>\r\n\t\t\t<style>@media screen and (max-width: 1023px) {.thegem-vc-text.thegem-custom-69f2434a648f04356{display: block!important;}}@media screen and (max-width: 767px) {.thegem-vc-text.thegem-custom-69f2434a648f04356{display: block!important;}}@media screen and (max-width: 1023px) {.thegem-vc-text.thegem-custom-69f2434a648f04356{position: relative !important;}}@media screen and (max-width: 767px) {.thegem-vc-text.thegem-custom-69f2434a648f04356{position: relative !important;}}<\/style>\r\n\t\t<\/div>\r\n\t\r\n<\/div><\/div><\/div><\/div><div id=\"vc_row-69f2434a64f9e\" class=\"vc_row wpb_row vc_row-fluid thegem-custom-69f2434a64f8c9439\"><div class=\"wpb_column vc_column_container vc_col-sm-3 thegem-custom-69f2434a655686611\" ><div class=\"vc_column-inner thegem-custom-inner-69f2434a6556b\"><div class=\"wpb_wrapper thegem-custom-69f2434a655686611\"><\/div><\/div><\/div><div class=\"wpb_column vc_column_container vc_col-sm-6 thegem-custom-69f2434a65a772787\" ><div class=\"vc_column-inner thegem-custom-inner-69f2434a65a7a\"><div class=\"wpb_wrapper thegem-custom-69f2434a65a772787\"><div class=\"wpb_gallery wpb_content_element vc_clearfix wpb_content_element\" ><div class=\"wpb_wrapper\"><div class=\"wpb_gallery_slides wpb_flexslider flexslider_fade flexslider\" data-interval=\"3\" data-flex_fx=\"fade\"><ul class=\"slides\"><li><\/li><li><\/li><li><\/li><li><\/li><li><\/li><li><img width=\"862\" height=\"800\" src=\"https:\/\/www.martagarciailustracion.com\/wp-content\/uploads\/2021\/10\/02-3.jpg\" class=\"attachment-large\" alt=\"\" title=\"02\" srcset=\"https:\/\/www.martagarciailustracion.com\/wp-content\/uploads\/2021\/10\/02-3.jpg 862w, https:\/\/www.martagarciailustracion.com\/wp-content\/uploads\/2021\/10\/02-3-600x557.jpg 600w\" sizes=\"(max-width: 862px) 100vw, 862px\" \/><\/li><li><\/li><li><\/li><li><\/li><li><\/li><li><\/li><li><\/li><\/ul><\/div><\/div><\/div><\/div><\/div><\/div><div class=\"wpb_column vc_column_container vc_col-sm-3 thegem-custom-69f2434a69aff4170\" ><div class=\"vc_column-inner thegem-custom-inner-69f2434a69b0a\"><div class=\"wpb_wrapper thegem-custom-69f2434a69aff4170\"><\/div><\/div><\/div><\/div>\n<\/div>","protected":false},"excerpt":{"rendered":"","protected":false},"author":3,"featured_media":27812,"comment_status":"open","ping_status":"open","sticky":false,"template":"","format":"standard","meta":{"_monsterinsights_skip_tracking":false,"_monsterinsights_sitenote_active":false,"_monsterinsights_sitenote_note":"","_monsterinsights_sitenote_category":0,"footnotes":""},"categories":[83],"tags":[101,94,105],"class_list":{"0":"post-27795","1":"post","2":"type-post","3":"status-publish","4":"format-standard","5":"has-post-thumbnail","7":"category-acuarela","8":"tag-acuarela","9":"tag-materiales","10":"tag-mi-vida-como-artista"},"yoast_head":"<!-- This site is optimized with the Yoast SEO plugin v27.5 - https:\/\/yoast.com\/product\/yoast-seo-wordpress\/ -->\n<title>\u00bfPor qu\u00e9 es tan importante reducir nuestra paleta de colores?<\/title>\n<meta name=\"description\" content=\"El post de hoy va dedicado al color, a la importancia de reducir nuestra paleta de colores \u00a1sobre todo si somos principiantes!.\" \/>\n<meta name=\"robots\" content=\"index, follow, max-snippet:-1, max-image-preview:large, max-video-preview:-1\" \/>\n<link rel=\"canonical\" href=\"https:\/\/www.martagarciailustracion.com\/en\/por-que-es-tan-importante-reducir-nuestra-paleta-de-colores\/\" \/>\n<meta property=\"og:locale\" content=\"en_US\" \/>\n<meta property=\"og:type\" content=\"article\" \/>\n<meta property=\"og:title\" content=\"\u00bfPor qu\u00e9 es tan importante reducir nuestra paleta de colores?\" \/>\n<meta property=\"og:description\" content=\"El post de hoy va dedicado al color, a la importancia de reducir nuestra paleta de colores \u00a1sobre todo si somos principiantes!.\" \/>\n<meta property=\"og:url\" content=\"https:\/\/www.martagarciailustracion.com\/en\/por-que-es-tan-importante-reducir-nuestra-paleta-de-colores\/\" \/>\n<meta property=\"og:site_name\" content=\"martagarciailustracion\" \/>\n<meta property=\"article:published_time\" content=\"2021-11-07T12:00:04+00:00\" \/>\n<meta property=\"article:modified_time\" content=\"2022-06-17T09:59:25+00:00\" \/>\n<meta property=\"og:image\" content=\"https:\/\/www.martagarciailustracion.com\/wp-content\/uploads\/2021\/10\/02-3.jpg\" \/>\n\t<meta property=\"og:image:width\" content=\"862\" \/>\n\t<meta property=\"og:image:height\" content=\"800\" \/>\n\t<meta property=\"og:image:type\" content=\"image\/jpeg\" \/>\n<meta name=\"author\" content=\"Marta Garc\u00eda Gonz\u00e1lez\" \/>\n<meta name=\"twitter:card\" content=\"summary_large_image\" \/>\n<meta name=\"twitter:label1\" content=\"Written by\" \/>\n\t<meta name=\"twitter:data1\" content=\"Marta Garc\u00eda Gonz\u00e1lez\" \/>\n\t<meta name=\"twitter:label2\" content=\"Est. reading time\" \/>\n\t<meta name=\"twitter:data2\" content=\"3 minutes\" \/>\n<script type=\"application\/ld+json\" class=\"yoast-schema-graph\">{\"@context\":\"https:\\\/\\\/schema.org\",\"@graph\":[{\"@type\":\"Article\",\"@id\":\"https:\\\/\\\/www.martagarciailustracion.com\\\/por-que-es-tan-importante-reducir-nuestra-paleta-de-colores\\\/#article\",\"isPartOf\":{\"@id\":\"https:\\\/\\\/www.martagarciailustracion.com\\\/por-que-es-tan-importante-reducir-nuestra-paleta-de-colores\\\/\"},\"author\":{\"name\":\"Marta Garc\u00eda Gonz\u00e1lez\",\"@id\":\"https:\\\/\\\/www.martagarciailustracion.com\\\/#\\\/schema\\\/person\\\/b5f8ed47a46ae19f08a9d2a81f2f4c8c\"},\"headline\":\"\u00bfPor qu\u00e9 es tan importante reducir nuestra paleta de colores?\",\"datePublished\":\"2021-11-07T12:00:04+00:00\",\"dateModified\":\"2022-06-17T09:59:25+00:00\",\"mainEntityOfPage\":{\"@id\":\"https:\\\/\\\/www.martagarciailustracion.com\\\/por-que-es-tan-importante-reducir-nuestra-paleta-de-colores\\\/\"},\"wordCount\":763,\"commentCount\":0,\"image\":{\"@id\":\"https:\\\/\\\/www.martagarciailustracion.com\\\/por-que-es-tan-importante-reducir-nuestra-paleta-de-colores\\\/#primaryimage\"},\"thumbnailUrl\":\"https:\\\/\\\/www.martagarciailustracion.com\\\/wp-content\\\/uploads\\\/2021\\\/10\\\/02-3.jpg\",\"keywords\":[\"acuarela\",\"materiales\",\"mi vida como artista\"],\"articleSection\":[\"Acuarela\"],\"inLanguage\":\"en-US\",\"potentialAction\":[{\"@type\":\"CommentAction\",\"name\":\"Comment\",\"target\":[\"https:\\\/\\\/www.martagarciailustracion.com\\\/por-que-es-tan-importante-reducir-nuestra-paleta-de-colores\\\/#respond\"]}]},{\"@type\":\"WebPage\",\"@id\":\"https:\\\/\\\/www.martagarciailustracion.com\\\/por-que-es-tan-importante-reducir-nuestra-paleta-de-colores\\\/\",\"url\":\"https:\\\/\\\/www.martagarciailustracion.com\\\/por-que-es-tan-importante-reducir-nuestra-paleta-de-colores\\\/\",\"name\":\"\u00bfPor qu\u00e9 es tan importante reducir nuestra paleta de colores?\",\"isPartOf\":{\"@id\":\"https:\\\/\\\/www.martagarciailustracion.com\\\/#website\"},\"primaryImageOfPage\":{\"@id\":\"https:\\\/\\\/www.martagarciailustracion.com\\\/por-que-es-tan-importante-reducir-nuestra-paleta-de-colores\\\/#primaryimage\"},\"image\":{\"@id\":\"https:\\\/\\\/www.martagarciailustracion.com\\\/por-que-es-tan-importante-reducir-nuestra-paleta-de-colores\\\/#primaryimage\"},\"thumbnailUrl\":\"https:\\\/\\\/www.martagarciailustracion.com\\\/wp-content\\\/uploads\\\/2021\\\/10\\\/02-3.jpg\",\"datePublished\":\"2021-11-07T12:00:04+00:00\",\"dateModified\":\"2022-06-17T09:59:25+00:00\",\"author\":{\"@id\":\"https:\\\/\\\/www.martagarciailustracion.com\\\/#\\\/schema\\\/person\\\/b5f8ed47a46ae19f08a9d2a81f2f4c8c\"},\"description\":\"El post de hoy va dedicado al color, a la importancia de reducir nuestra paleta de colores \u00a1sobre todo si somos principiantes!.\",\"breadcrumb\":{\"@id\":\"https:\\\/\\\/www.martagarciailustracion.com\\\/por-que-es-tan-importante-reducir-nuestra-paleta-de-colores\\\/#breadcrumb\"},\"inLanguage\":\"en-US\",\"potentialAction\":[{\"@type\":\"ReadAction\",\"target\":[\"https:\\\/\\\/www.martagarciailustracion.com\\\/por-que-es-tan-importante-reducir-nuestra-paleta-de-colores\\\/\"]}]},{\"@type\":\"ImageObject\",\"inLanguage\":\"en-US\",\"@id\":\"https:\\\/\\\/www.martagarciailustracion.com\\\/por-que-es-tan-importante-reducir-nuestra-paleta-de-colores\\\/#primaryimage\",\"url\":\"https:\\\/\\\/www.martagarciailustracion.com\\\/wp-content\\\/uploads\\\/2021\\\/10\\\/02-3.jpg\",\"contentUrl\":\"https:\\\/\\\/www.martagarciailustracion.com\\\/wp-content\\\/uploads\\\/2021\\\/10\\\/02-3.jpg\",\"width\":862,\"height\":800},{\"@type\":\"BreadcrumbList\",\"@id\":\"https:\\\/\\\/www.martagarciailustracion.com\\\/por-que-es-tan-importante-reducir-nuestra-paleta-de-colores\\\/#breadcrumb\",\"itemListElement\":[{\"@type\":\"ListItem\",\"position\":1,\"name\":\"Portada\",\"item\":\"https:\\\/\\\/www.martagarciailustracion.com\\\/\"},{\"@type\":\"ListItem\",\"position\":2,\"name\":\"\u00bfPor qu\u00e9 es tan importante reducir nuestra paleta de colores?\"}]},{\"@type\":\"WebSite\",\"@id\":\"https:\\\/\\\/www.martagarciailustracion.com\\\/#website\",\"url\":\"https:\\\/\\\/www.martagarciailustracion.com\\\/\",\"name\":\"martagarciailustracion\",\"description\":\"Ilustradora y dise\u00f1adora de estampados. Blog de arte, tienda de ilustraciones y accesorios originales, portfolio y tutoriales de acuarela.\",\"potentialAction\":[{\"@type\":\"SearchAction\",\"target\":{\"@type\":\"EntryPoint\",\"urlTemplate\":\"https:\\\/\\\/www.martagarciailustracion.com\\\/?s={search_term_string}\"},\"query-input\":{\"@type\":\"PropertyValueSpecification\",\"valueRequired\":true,\"valueName\":\"search_term_string\"}}],\"inLanguage\":\"en-US\"},{\"@type\":\"Person\",\"@id\":\"https:\\\/\\\/www.martagarciailustracion.com\\\/#\\\/schema\\\/person\\\/b5f8ed47a46ae19f08a9d2a81f2f4c8c\",\"name\":\"Marta Garc\u00eda Gonz\u00e1lez\",\"image\":{\"@type\":\"ImageObject\",\"inLanguage\":\"en-US\",\"@id\":\"https:\\\/\\\/secure.gravatar.com\\\/avatar\\\/cdedb5e17af9aa3e410982f545cb9e831e059b4c1700901228f6f89ab2db0a12?s=96&d=mm&r=g\",\"url\":\"https:\\\/\\\/secure.gravatar.com\\\/avatar\\\/cdedb5e17af9aa3e410982f545cb9e831e059b4c1700901228f6f89ab2db0a12?s=96&d=mm&r=g\",\"contentUrl\":\"https:\\\/\\\/secure.gravatar.com\\\/avatar\\\/cdedb5e17af9aa3e410982f545cb9e831e059b4c1700901228f6f89ab2db0a12?s=96&d=mm&r=g\",\"caption\":\"Marta Garc\u00eda Gonz\u00e1lez\"},\"url\":\"https:\\\/\\\/www.martagarciailustracion.com\\\/en\\\/author\\\/martagarcia\\\/\"}]}<\/script>\n<!-- \/ Yoast SEO plugin. -->","yoast_head_json":{"title":"Why is it so important to reduce our color palette?","description":"El post de hoy va dedicado al color, a la importancia de reducir nuestra paleta de colores \u00a1sobre todo si somos principiantes!.","robots":{"index":"index","follow":"follow","max-snippet":"max-snippet:-1","max-image-preview":"max-image-preview:large","max-video-preview":"max-video-preview:-1"},"canonical":"https:\/\/www.martagarciailustracion.com\/en\/por-que-es-tan-importante-reducir-nuestra-paleta-de-colores\/","og_locale":"en_US","og_type":"article","og_title":"\u00bfPor qu\u00e9 es tan importante reducir nuestra paleta de colores?","og_description":"El post de hoy va dedicado al color, a la importancia de reducir nuestra paleta de colores \u00a1sobre todo si somos principiantes!.","og_url":"https:\/\/www.martagarciailustracion.com\/en\/por-que-es-tan-importante-reducir-nuestra-paleta-de-colores\/","og_site_name":"martagarciailustracion","article_published_time":"2021-11-07T12:00:04+00:00","article_modified_time":"2022-06-17T09:59:25+00:00","og_image":[{"width":862,"height":800,"url":"https:\/\/www.martagarciailustracion.com\/wp-content\/uploads\/2021\/10\/02-3.jpg","type":"image\/jpeg"}],"author":"Marta Garc\u00eda Gonz\u00e1lez","twitter_card":"summary_large_image","twitter_misc":{"Written by":"Marta Garc\u00eda Gonz\u00e1lez","Est. reading time":"3 minutes"},"schema":{"@context":"https:\/\/schema.org","@graph":[{"@type":"Article","@id":"https:\/\/www.martagarciailustracion.com\/por-que-es-tan-importante-reducir-nuestra-paleta-de-colores\/#article","isPartOf":{"@id":"https:\/\/www.martagarciailustracion.com\/por-que-es-tan-importante-reducir-nuestra-paleta-de-colores\/"},"author":{"name":"Marta Garc\u00eda Gonz\u00e1lez","@id":"https:\/\/www.martagarciailustracion.com\/#\/schema\/person\/b5f8ed47a46ae19f08a9d2a81f2f4c8c"},"headline":"\u00bfPor qu\u00e9 es tan importante reducir nuestra paleta de colores?","datePublished":"2021-11-07T12:00:04+00:00","dateModified":"2022-06-17T09:59:25+00:00","mainEntityOfPage":{"@id":"https:\/\/www.martagarciailustracion.com\/por-que-es-tan-importante-reducir-nuestra-paleta-de-colores\/"},"wordCount":763,"commentCount":0,"image":{"@id":"https:\/\/www.martagarciailustracion.com\/por-que-es-tan-importante-reducir-nuestra-paleta-de-colores\/#primaryimage"},"thumbnailUrl":"https:\/\/www.martagarciailustracion.com\/wp-content\/uploads\/2021\/10\/02-3.jpg","keywords":["acuarela","materiales","mi vida como artista"],"articleSection":["Acuarela"],"inLanguage":"en-US","potentialAction":[{"@type":"CommentAction","name":"Comment","target":["https:\/\/www.martagarciailustracion.com\/por-que-es-tan-importante-reducir-nuestra-paleta-de-colores\/#respond"]}]},{"@type":"WebPage","@id":"https:\/\/www.martagarciailustracion.com\/por-que-es-tan-importante-reducir-nuestra-paleta-de-colores\/","url":"https:\/\/www.martagarciailustracion.com\/por-que-es-tan-importante-reducir-nuestra-paleta-de-colores\/","name":"Why is it so important to reduce our color palette?","isPartOf":{"@id":"https:\/\/www.martagarciailustracion.com\/#website"},"primaryImageOfPage":{"@id":"https:\/\/www.martagarciailustracion.com\/por-que-es-tan-importante-reducir-nuestra-paleta-de-colores\/#primaryimage"},"image":{"@id":"https:\/\/www.martagarciailustracion.com\/por-que-es-tan-importante-reducir-nuestra-paleta-de-colores\/#primaryimage"},"thumbnailUrl":"https:\/\/www.martagarciailustracion.com\/wp-content\/uploads\/2021\/10\/02-3.jpg","datePublished":"2021-11-07T12:00:04+00:00","dateModified":"2022-06-17T09:59:25+00:00","author":{"@id":"https:\/\/www.martagarciailustracion.com\/#\/schema\/person\/b5f8ed47a46ae19f08a9d2a81f2f4c8c"},"description":"El post de hoy va dedicado al color, a la importancia de reducir nuestra paleta de colores \u00a1sobre todo si somos principiantes!.","breadcrumb":{"@id":"https:\/\/www.martagarciailustracion.com\/por-que-es-tan-importante-reducir-nuestra-paleta-de-colores\/#breadcrumb"},"inLanguage":"en-US","potentialAction":[{"@type":"ReadAction","target":["https:\/\/www.martagarciailustracion.com\/por-que-es-tan-importante-reducir-nuestra-paleta-de-colores\/"]}]},{"@type":"ImageObject","inLanguage":"en-US","@id":"https:\/\/www.martagarciailustracion.com\/por-que-es-tan-importante-reducir-nuestra-paleta-de-colores\/#primaryimage","url":"https:\/\/www.martagarciailustracion.com\/wp-content\/uploads\/2021\/10\/02-3.jpg","contentUrl":"https:\/\/www.martagarciailustracion.com\/wp-content\/uploads\/2021\/10\/02-3.jpg","width":862,"height":800},{"@type":"BreadcrumbList","@id":"https:\/\/www.martagarciailustracion.com\/por-que-es-tan-importante-reducir-nuestra-paleta-de-colores\/#breadcrumb","itemListElement":[{"@type":"ListItem","position":1,"name":"Portada","item":"https:\/\/www.martagarciailustracion.com\/"},{"@type":"ListItem","position":2,"name":"\u00bfPor qu\u00e9 es tan importante reducir nuestra paleta de colores?"}]},{"@type":"WebSite","@id":"https:\/\/www.martagarciailustracion.com\/#website","url":"https:\/\/www.martagarciailustracion.com\/","name":"martagarciailustracion","description":"Ilustradora y dise\u00f1adora de estampados. Blog de arte, tienda de ilustraciones y accesorios originales, portfolio y tutoriales de acuarela.","potentialAction":[{"@type":"SearchAction","target":{"@type":"EntryPoint","urlTemplate":"https:\/\/www.martagarciailustracion.com\/?s={search_term_string}"},"query-input":{"@type":"PropertyValueSpecification","valueRequired":true,"valueName":"search_term_string"}}],"inLanguage":"en-US"},{"@type":"Person","@id":"https:\/\/www.martagarciailustracion.com\/#\/schema\/person\/b5f8ed47a46ae19f08a9d2a81f2f4c8c","name":"Marta Garc\u00eda Gonz\u00e1lez","image":{"@type":"ImageObject","inLanguage":"en-US","@id":"https:\/\/secure.gravatar.com\/avatar\/cdedb5e17af9aa3e410982f545cb9e831e059b4c1700901228f6f89ab2db0a12?s=96&d=mm&r=g","url":"https:\/\/secure.gravatar.com\/avatar\/cdedb5e17af9aa3e410982f545cb9e831e059b4c1700901228f6f89ab2db0a12?s=96&d=mm&r=g","contentUrl":"https:\/\/secure.gravatar.com\/avatar\/cdedb5e17af9aa3e410982f545cb9e831e059b4c1700901228f6f89ab2db0a12?s=96&d=mm&r=g","caption":"Marta Garc\u00eda Gonz\u00e1lez"},"url":"https:\/\/www.martagarciailustracion.com\/en\/author\/martagarcia\/"}]}},"menu_order":0,"_links":{"self":[{"href":"https:\/\/www.martagarciailustracion.com\/en\/wp-json\/wp\/v2\/posts\/27795","targetHints":{"allow":["GET"]}}],"collection":[{"href":"https:\/\/www.martagarciailustracion.com\/en\/wp-json\/wp\/v2\/posts"}],"about":[{"href":"https:\/\/www.martagarciailustracion.com\/en\/wp-json\/wp\/v2\/types\/post"}],"author":[{"embeddable":true,"href":"https:\/\/www.martagarciailustracion.com\/en\/wp-json\/wp\/v2\/users\/3"}],"replies":[{"embeddable":true,"href":"https:\/\/www.martagarciailustracion.com\/en\/wp-json\/wp\/v2\/comments?post=27795"}],"version-history":[{"count":0,"href":"https:\/\/www.martagarciailustracion.com\/en\/wp-json\/wp\/v2\/posts\/27795\/revisions"}],"wp:featuredmedia":[{"embeddable":true,"href":"https:\/\/www.martagarciailustracion.com\/en\/wp-json\/wp\/v2\/media\/27812"}],"wp:attachment":[{"href":"https:\/\/www.martagarciailustracion.com\/en\/wp-json\/wp\/v2\/media?parent=27795"}],"wp:term":[{"taxonomy":"category","embeddable":true,"href":"https:\/\/www.martagarciailustracion.com\/en\/wp-json\/wp\/v2\/categories?post=27795"},{"taxonomy":"post_tag","embeddable":true,"href":"https:\/\/www.martagarciailustracion.com\/en\/wp-json\/wp\/v2\/tags?post=27795"}],"curies":[{"name":"wp","href":"https:\/\/api.w.org\/{rel}","templated":true}]}}