{"id":29891,"date":"2022-09-04T12:00:18","date_gmt":"2022-09-04T12:00:18","guid":{"rendered":"https:\/\/www.martagarciailustracion.com\/?p=29891"},"modified":"2022-09-02T09:02:16","modified_gmt":"2022-09-02T09:02:16","slug":"buscando-la-inspiracion-peniscola","status":"publish","type":"post","link":"https:\/\/www.martagarciailustracion.com\/en\/buscando-la-inspiracion-peniscola\/","title":{"rendered":"Looking for inspiration \u2013 Pe\u00f1\u00edscola"},"content":{"rendered":"<div class=\"wpb-content-wrapper\"><div id=\"vc_row-69f238cf24a19\" class=\"vc_row wpb_row vc_row-fluid thegem-custom-69f238cf2497d3693\"><div class=\"wpb_column vc_column_container vc_col-sm-12 thegem-custom-69f238cf250d46807\" ><div class=\"vc_column-inner thegem-custom-inner-69f238cf250d7\"><div class=\"wpb_wrapper thegem-custom-69f238cf250d46807\">\r\n\t\r\n\t\t<div class=\"wpb_text_column wpb_content_element  thegem-vc-text thegem-custom-69f238cf256a31002\"  >\r\n\t\t\t<div class=\"wpb_wrapper\">\r\n\t\t\t\t<h1 style=\"text-align: center;\">Looking for inspiration \u2013 Pe\u00f1\u00edscola<\/h1>\n\r\n\t\t\t<\/div>\r\n\t\t\t<style>@media screen and (max-width: 1023px) {.thegem-vc-text.thegem-custom-69f238cf256a31002{display: block!important;}}@media screen and (max-width: 767px) {.thegem-vc-text.thegem-custom-69f238cf256a31002{display: block!important;}}@media screen and (max-width: 1023px) {.thegem-vc-text.thegem-custom-69f238cf256a31002{position: relative !important;}}@media screen and (max-width: 767px) {.thegem-vc-text.thegem-custom-69f238cf256a31002{position: relative !important;}}<\/style>\r\n\t\t<\/div>\r\n\t\r\n<\/div><\/div><\/div><\/div><div id=\"vc_row-69f238cf25dd3\" class=\"vc_row wpb_row vc_row-fluid thegem-custom-69f238cf25dc18773\"><div class=\"wpb_column vc_column_container vc_col-sm-6 thegem-custom-69f238cf2639e1501\" ><div class=\"vc_column-inner thegem-custom-inner-69f238cf263a1\"><div class=\"wpb_wrapper thegem-custom-69f238cf2639e1501\">\r\n\t\r\n\t\t<div class=\"wpb_text_column wpb_content_element  thegem-vc-text thegem-custom-69f238cf266353356\"  >\r\n\t\t\t<div class=\"wpb_wrapper\">\r\n\t\t\t\t<p>Hello again!<\/p>\n<p>How about I start the month of September talking about my summer trip?<\/p>\n<p>This year the chosen destination has been\u2026. Pe\u00f1\u00edscola!<\/p>\n<p>In case you don't know it, Pe\u00f1\u00edscola is a small coastal city in the province of Castell\u00f3n (Valencian Community, Spain). Its charm lies mainly in its location, part of the town center is situated on a rocky peninsula.<\/p>\n<p>At the top of this rock formation, the well-known Castillo del Papa Luna was built between the 13th and 14th centuries. Strolling through the narrow streets that surround the castle is wonderful.<\/p>\n\r\n\t\t\t<\/div>\r\n\t\t\t<style>@media screen and (max-width: 1023px) {.thegem-vc-text.thegem-custom-69f238cf266353356{display: block!important;}}@media screen and (max-width: 767px) {.thegem-vc-text.thegem-custom-69f238cf266353356{display: block!important;}}@media screen and (max-width: 1023px) {.thegem-vc-text.thegem-custom-69f238cf266353356{position: relative !important;}}@media screen and (max-width: 767px) {.thegem-vc-text.thegem-custom-69f238cf266353356{position: relative !important;}}<\/style>\r\n\t\t<\/div>\r\n\t\r\n<\/div><\/div><\/div><div class=\"wpb_column vc_column_container vc_col-sm-6 thegem-custom-69f238cf26b7a4046\" ><div class=\"vc_column-inner thegem-custom-inner-69f238cf26b7e\"><div class=\"wpb_wrapper thegem-custom-69f238cf26b7a4046\">\r\n\t\r\n\t<div  class=\"wpb_single_image wpb_content_element vc_align_left\" >\r\n\t\t\r\n\t\t<figure class=\"wpb_wrapper vc_figure\">\r\n\t\t\t<div class=\"vc_single_image-wrapper   vc_box_border_grey\"><img width=\"1024\" height=\"683\" src=\"https:\/\/www.martagarciailustracion.com\/wp-content\/uploads\/2022\/09\/02-web-1024x683.jpg\" class=\"vc_single_image-img attachment-large\" alt=\"panor\u00e1mica-Pe\u00f1\u00edscola\" title=\"panor\u00e1mica-Pe\u00f1\u00edscola\" srcset=\"https:\/\/www.martagarciailustracion.com\/wp-content\/uploads\/2022\/09\/02-web-1024x683.jpg 1024w, https:\/\/www.martagarciailustracion.com\/wp-content\/uploads\/2022\/09\/02-web-600x400.jpg 600w, https:\/\/www.martagarciailustracion.com\/wp-content\/uploads\/2022\/09\/02-web-300x200.jpg 300w, https:\/\/www.martagarciailustracion.com\/wp-content\/uploads\/2022\/09\/02-web-768x512.jpg 768w, https:\/\/www.martagarciailustracion.com\/wp-content\/uploads\/2022\/09\/02-web-18x12.jpg 18w, https:\/\/www.martagarciailustracion.com\/wp-content\/uploads\/2022\/09\/02-web.jpg 1080w\" sizes=\"(max-width: 1024px) 100vw, 1024px\" \/><\/div>\r\n\t\t<\/figure>\r\n\t<\/div>\r\n\t\r\n<\/div><\/div><\/div><\/div><div id=\"vc_row-69f238cf2806b\" class=\"vc_row wpb_row vc_row-fluid thegem-custom-69f238cf280542099\"><div class=\"wpb_column vc_column_container vc_col-sm-6 thegem-custom-69f238cf2868e8007\" ><div class=\"vc_column-inner thegem-custom-inner-69f238cf28692\"><div class=\"wpb_wrapper thegem-custom-69f238cf2868e8007\">\r\n\t\r\n\t\t<div class=\"wpb_text_column wpb_content_element  thegem-vc-text thegem-custom-69f238cf2894f383\"  >\r\n\t\t\t<div class=\"wpb_wrapper\">\r\n\t\t\t\t<p>Plagued with bars, restaurants and souvenir shops, it becomes difficult to choose where to stop to regain strength.<\/p>\n<p>If you decide to visit Pe\u00f1\u00edscola in August, it is important that you know that it is necessary to reserve a table so as not to be surprised.<\/p>\n<p>We were not staying in the urban area of \u200b\u200bthe city, but on the beach, about a 40-minute walk from the castle.<\/p>\n<p>The first day we went for a walk and enjoy the views from the rock, we tried to have dinner and we couldn't, all the terraces we asked about were full.<\/p>\n<p>On the second day we managed to book at Bar y Pulper\u00eda \u201cEl Rebost\u201d. They have their own boat, so the fish couldn't be fresher.<\/p>\n<p>We tried typical dishes from the area such as octopus, fried fish or all i pebre de gatet. All very good and at a good price. If I remember correctly, we went out to less than 13 euros per person.<\/p>\n<p>&nbsp;<\/p>\n\r\n\t\t\t<\/div>\r\n\t\t\t<style>@media screen and (max-width: 1023px) {.thegem-vc-text.thegem-custom-69f238cf2894f383{display: block!important;}}@media screen and (max-width: 767px) {.thegem-vc-text.thegem-custom-69f238cf2894f383{display: block!important;}}@media screen and (max-width: 1023px) {.thegem-vc-text.thegem-custom-69f238cf2894f383{position: relative !important;}}@media screen and (max-width: 767px) {.thegem-vc-text.thegem-custom-69f238cf2894f383{position: relative !important;}}<\/style>\r\n\t\t<\/div>\r\n\t\r\n<\/div><\/div><\/div><div class=\"wpb_column vc_column_container vc_col-sm-6 thegem-custom-69f238cf28ecd1848\" ><div class=\"vc_column-inner thegem-custom-inner-69f238cf28ed0\"><div class=\"wpb_wrapper thegem-custom-69f238cf28ecd1848\">\r\n<div class=\"wpb_gmaps_widget wpb_content_element\">\r\n\t\t<div class=\"wpb_wrapper\">\r\n\t\t<div class=\"wpb_map_wraper\">\r\n\t\t\t<iframe src=\"https:\/\/www.google.com\/maps\/embed?pb=!1m18!1m12!1m3!1d426.5773384918587!2d0.4076220912772993!3d40.357925344427656!2m3!1f0!2f0!3f0!3m2!1i1024!2i768!4f13.1!3m3!1m2!1s0x12a0479304b6cbbf%3A0x64c0dd89598e632e!2sBar%20%26%20Pulperia%20%22El%20Rebost%22!5e0!3m2!1ses!2ses!4v1662107216983!5m2!1ses!2ses\" width=\"600\" height=\"480\" style=\"border:0;\" allowfullscreen=\"\" loading=\"lazy\" referrerpolicy=\"no-referrer-when-downgrade\"><\/iframe>\t\t<\/div>\r\n\t<\/div>\r\n<\/div>\r\n<\/div><\/div><\/div><\/div><div id=\"vc_row-69f238cf29dce\" class=\"vc_row wpb_row vc_row-fluid thegem-custom-69f238cf29dbc3408\"><div class=\"wpb_column vc_column_container vc_col-sm-6 thegem-custom-69f238cf2a3081206\" ><div class=\"vc_column-inner thegem-custom-inner-69f238cf2a30b\"><div class=\"wpb_wrapper thegem-custom-69f238cf2a3081206\">\r\n\t\r\n\t\t<div class=\"wpb_text_column wpb_content_element  thegem-vc-text thegem-custom-69f238cf2a5ab7433\"  >\r\n\t\t\t<div class=\"wpb_wrapper\">\r\n\t\t\t\t<p>If, like me, you are a nature lover, you cannot miss visiting the Sierra de Irta.<\/p>\n<p>With the bikini and the camera in the backpack, we set the alarm clock at 5:00 in the morning to set off for the route of the cliffs.<\/p>\n<p>Seeing the sunrise over the Badum tower, with the Mediterranean Sea and Pe\u00f1\u00edscola in the background as protagonists, is priceless. An unforgettable experience.<\/p>\n\r\n\t\t\t<\/div>\r\n\t\t\t<style>@media screen and (max-width: 1023px) {.thegem-vc-text.thegem-custom-69f238cf2a5ab7433{display: block!important;}}@media screen and (max-width: 767px) {.thegem-vc-text.thegem-custom-69f238cf2a5ab7433{display: block!important;}}@media screen and (max-width: 1023px) {.thegem-vc-text.thegem-custom-69f238cf2a5ab7433{position: relative !important;}}@media screen and (max-width: 767px) {.thegem-vc-text.thegem-custom-69f238cf2a5ab7433{position: relative !important;}}<\/style>\r\n\t\t<\/div>\r\n\t\r\n\r\n\t\r\n\t\t<div class=\"wpb_text_column wpb_content_element  thegem-vc-text thegem-custom-69f238cf2a81e1315\"  >\r\n\t\t\t<div class=\"wpb_wrapper\">\r\n\t\t\t\t<p>I leave you the link to my Pinterest board, in case you want to take a look at the rest of the photos of the trip.<\/p>\n\r\n\t\t\t<\/div>\r\n\t\t\t<style>@media screen and (max-width: 1023px) {.thegem-vc-text.thegem-custom-69f238cf2a81e1315{display: block!important;}}@media screen and (max-width: 767px) {.thegem-vc-text.thegem-custom-69f238cf2a81e1315{display: block!important;}}@media screen and (max-width: 1023px) {.thegem-vc-text.thegem-custom-69f238cf2a81e1315{position: relative !important;}}@media screen and (max-width: 767px) {.thegem-vc-text.thegem-custom-69f238cf2a81e1315{position: relative !important;}}<\/style>\r\n\t\t<\/div>\r\n\t\r\n\r\n\t\r\n\t\t<div class=\"wpb_text_column wpb_content_element  thegem-vc-text thegem-custom-69f238cf2aa4c1957\"  >\r\n\t\t\t<div class=\"wpb_wrapper\">\r\n\t\t\t\t<blockquote>\n<p class=\"lH1 dyH iFc H2s R-d O2T tg7 IZT\"><a href=\"https:\/\/www.pinterest.es\/martagarciailustracion\/inspiraci%C3%B3n-viaje-a-pe%C3%B1%C3%ADscola\/\">Inspiration \u2013 Trip to Pe\u00f1\u00edscola<\/a><\/p>\n<\/blockquote>\n\r\n\t\t\t<\/div>\r\n\t\t\t<style>@media screen and (max-width: 1023px) {.thegem-vc-text.thegem-custom-69f238cf2aa4c1957{display: block!important;}}@media screen and (max-width: 767px) {.thegem-vc-text.thegem-custom-69f238cf2aa4c1957{display: block!important;}}@media screen and (max-width: 1023px) {.thegem-vc-text.thegem-custom-69f238cf2aa4c1957{position: relative !important;}}@media screen and (max-width: 767px) {.thegem-vc-text.thegem-custom-69f238cf2aa4c1957{position: relative !important;}}<\/style>\r\n\t\t<\/div>\r\n\t\r\n<\/div><\/div><\/div><div class=\"wpb_column vc_column_container vc_col-sm-6 thegem-custom-69f238cf2afab7228\" ><div class=\"vc_column-inner thegem-custom-inner-69f238cf2afae\"><div class=\"wpb_wrapper thegem-custom-69f238cf2afab7228\">\r\n\t\r\n\t<div  class=\"wpb_single_image wpb_content_element vc_align_left\" >\r\n\t\t\r\n\t\t<figure class=\"wpb_wrapper vc_figure\">\r\n\t\t\t<div class=\"vc_single_image-wrapper   vc_box_border_grey\"><img width=\"1024\" height=\"683\" src=\"https:\/\/www.martagarciailustracion.com\/wp-content\/uploads\/2022\/09\/08-web-1024x683.jpg\" class=\"vc_single_image-img attachment-large\" alt=\"amanecer-sierra-irta\" title=\"amanecer-sierra-irta\" srcset=\"https:\/\/www.martagarciailustracion.com\/wp-content\/uploads\/2022\/09\/08-web-1024x683.jpg 1024w, https:\/\/www.martagarciailustracion.com\/wp-content\/uploads\/2022\/09\/08-web-600x400.jpg 600w, https:\/\/www.martagarciailustracion.com\/wp-content\/uploads\/2022\/09\/08-web-300x200.jpg 300w, https:\/\/www.martagarciailustracion.com\/wp-content\/uploads\/2022\/09\/08-web-768x512.jpg 768w, https:\/\/www.martagarciailustracion.com\/wp-content\/uploads\/2022\/09\/08-web-18x12.jpg 18w, https:\/\/www.martagarciailustracion.com\/wp-content\/uploads\/2022\/09\/08-web.jpg 1080w\" sizes=\"(max-width: 1024px) 100vw, 1024px\" \/><\/div>\r\n\t\t<\/figure>\r\n\t<\/div>\r\n\t\r\n<\/div><\/div><\/div><\/div><div id=\"vc_row-69f238cf2c001\" class=\"vc_row wpb_row vc_row-fluid thegem-custom-69f238cf2bfef3033\"><div class=\"wpb_column vc_column_container vc_col-sm-12 thegem-custom-69f238cf2c5292724\" ><div class=\"vc_column-inner thegem-custom-inner-69f238cf2c52c\"><div class=\"wpb_wrapper thegem-custom-69f238cf2c5292724\">\r\n\t\r\n\t\t<div class=\"wpb_text_column wpb_content_element  thegem-vc-text thegem-custom-69f238cf2c7e88176\"  >\r\n\t\t\t<div class=\"wpb_wrapper\">\r\n\t\t\t\t<p>So far today's post, I hope you liked it.<\/p>\n<p>Until next Sunday!<\/p>\n\r\n\t\t\t<\/div>\r\n\t\t\t<style>@media screen and (max-width: 1023px) {.thegem-vc-text.thegem-custom-69f238cf2c7e88176{display: block!important;}}@media screen and (max-width: 767px) {.thegem-vc-text.thegem-custom-69f238cf2c7e88176{display: block!important;}}@media screen and (max-width: 1023px) {.thegem-vc-text.thegem-custom-69f238cf2c7e88176{position: relative !important;}}@media screen and (max-width: 767px) {.thegem-vc-text.thegem-custom-69f238cf2c7e88176{position: relative !important;}}<\/style>\r\n\t\t<\/div>\r\n\t\r\n<\/div><\/div><\/div><\/div>\n<\/div>","protected":false},"excerpt":{"rendered":"","protected":false},"author":3,"featured_media":29892,"comment_status":"open","ping_status":"open","sticky":false,"template":"","format":"standard","meta":{"_monsterinsights_skip_tracking":false,"_monsterinsights_sitenote_active":false,"_monsterinsights_sitenote_note":"","_monsterinsights_sitenote_category":0,"footnotes":""},"categories":[93,113],"tags":[103,105],"class_list":{"0":"post-29891","1":"post","2":"type-post","3":"status-publish","4":"format-standard","5":"has-post-thumbnail","7":"category-estilo-de-vida","8":"category-inspiracion","9":"tag-blog","10":"tag-mi-vida-como-artista"},"yoast_head":"<!-- This site is optimized with the Yoast SEO plugin v27.5 - https:\/\/yoast.com\/product\/yoast-seo-wordpress\/ -->\n<title>Buscando la inspiraci\u00f3n - Pe\u00f1\u00edscola - martagarciailustracion<\/title>\n<meta name=\"description\" content=\"Buscando la inspiraci\u00f3n- Pe\u00f1\u00edscola. Blog sobre mi \u00faltimo viaje del verano: playa, monta\u00f1a, historia y buena gastronom\u00eda. \u00bfQu\u00e9 m\u00e1s se puede pedir?\" \/>\n<meta name=\"robots\" content=\"index, follow, max-snippet:-1, max-image-preview:large, max-video-preview:-1\" \/>\n<link rel=\"canonical\" href=\"https:\/\/www.martagarciailustracion.com\/en\/buscando-la-inspiracion-peniscola\/\" \/>\n<meta property=\"og:locale\" content=\"en_US\" \/>\n<meta property=\"og:type\" content=\"article\" \/>\n<meta property=\"og:title\" content=\"Buscando la inspiraci\u00f3n - Pe\u00f1\u00edscola - martagarciailustracion\" \/>\n<meta property=\"og:description\" content=\"Buscando la inspiraci\u00f3n- Pe\u00f1\u00edscola. Blog sobre mi \u00faltimo viaje del verano: playa, monta\u00f1a, historia y buena gastronom\u00eda. \u00bfQu\u00e9 m\u00e1s se puede pedir?\" \/>\n<meta property=\"og:url\" content=\"https:\/\/www.martagarciailustracion.com\/en\/buscando-la-inspiracion-peniscola\/\" \/>\n<meta property=\"og:site_name\" content=\"martagarciailustracion\" \/>\n<meta property=\"article:published_time\" content=\"2022-09-04T12:00:18+00:00\" \/>\n<meta property=\"og:image\" content=\"https:\/\/i0.wp.com\/www.martagarciailustracion.com\/wp-content\/uploads\/2022\/09\/02-web.jpg?fit=1080%2C720&ssl=1\" \/>\n\t<meta property=\"og:image:width\" content=\"1080\" \/>\n\t<meta property=\"og:image:height\" content=\"720\" \/>\n\t<meta property=\"og:image:type\" content=\"image\/jpeg\" \/>\n<meta name=\"author\" content=\"Marta Garc\u00eda Gonz\u00e1lez\" \/>\n<meta name=\"twitter:card\" content=\"summary_large_image\" \/>\n<meta name=\"twitter:label1\" content=\"Written by\" \/>\n\t<meta name=\"twitter:data1\" content=\"Marta Garc\u00eda Gonz\u00e1lez\" \/>\n\t<meta name=\"twitter:label2\" content=\"Est. reading time\" \/>\n\t<meta name=\"twitter:data2\" content=\"2 minutes\" \/>\n<script type=\"application\/ld+json\" class=\"yoast-schema-graph\">{\"@context\":\"https:\\\/\\\/schema.org\",\"@graph\":[{\"@type\":\"Article\",\"@id\":\"https:\\\/\\\/www.martagarciailustracion.com\\\/buscando-la-inspiracion-peniscola\\\/#article\",\"isPartOf\":{\"@id\":\"https:\\\/\\\/www.martagarciailustracion.com\\\/buscando-la-inspiracion-peniscola\\\/\"},\"author\":{\"name\":\"Marta Garc\u00eda Gonz\u00e1lez\",\"@id\":\"https:\\\/\\\/www.martagarciailustracion.com\\\/#\\\/schema\\\/person\\\/b5f8ed47a46ae19f08a9d2a81f2f4c8c\"},\"headline\":\"Buscando la inspiraci\u00f3n &#8211; Pe\u00f1\u00edscola\",\"datePublished\":\"2022-09-04T12:00:18+00:00\",\"mainEntityOfPage\":{\"@id\":\"https:\\\/\\\/www.martagarciailustracion.com\\\/buscando-la-inspiracion-peniscola\\\/\"},\"wordCount\":566,\"commentCount\":0,\"image\":{\"@id\":\"https:\\\/\\\/www.martagarciailustracion.com\\\/buscando-la-inspiracion-peniscola\\\/#primaryimage\"},\"thumbnailUrl\":\"https:\\\/\\\/www.martagarciailustracion.com\\\/wp-content\\\/uploads\\\/2022\\\/09\\\/02-web.jpg\",\"keywords\":[\"blog\",\"mi vida como artista\"],\"articleSection\":[\"Estilo de vida\",\"Inspiraci\u00f3n\"],\"inLanguage\":\"en-US\",\"potentialAction\":[{\"@type\":\"CommentAction\",\"name\":\"Comment\",\"target\":[\"https:\\\/\\\/www.martagarciailustracion.com\\\/buscando-la-inspiracion-peniscola\\\/#respond\"]}]},{\"@type\":\"WebPage\",\"@id\":\"https:\\\/\\\/www.martagarciailustracion.com\\\/buscando-la-inspiracion-peniscola\\\/\",\"url\":\"https:\\\/\\\/www.martagarciailustracion.com\\\/buscando-la-inspiracion-peniscola\\\/\",\"name\":\"Buscando la inspiraci\u00f3n - Pe\u00f1\u00edscola - martagarciailustracion\",\"isPartOf\":{\"@id\":\"https:\\\/\\\/www.martagarciailustracion.com\\\/#website\"},\"primaryImageOfPage\":{\"@id\":\"https:\\\/\\\/www.martagarciailustracion.com\\\/buscando-la-inspiracion-peniscola\\\/#primaryimage\"},\"image\":{\"@id\":\"https:\\\/\\\/www.martagarciailustracion.com\\\/buscando-la-inspiracion-peniscola\\\/#primaryimage\"},\"thumbnailUrl\":\"https:\\\/\\\/www.martagarciailustracion.com\\\/wp-content\\\/uploads\\\/2022\\\/09\\\/02-web.jpg\",\"datePublished\":\"2022-09-04T12:00:18+00:00\",\"author\":{\"@id\":\"https:\\\/\\\/www.martagarciailustracion.com\\\/#\\\/schema\\\/person\\\/b5f8ed47a46ae19f08a9d2a81f2f4c8c\"},\"description\":\"Buscando la inspiraci\u00f3n- Pe\u00f1\u00edscola. Blog sobre mi \u00faltimo viaje del verano: playa, monta\u00f1a, historia y buena gastronom\u00eda. \u00bfQu\u00e9 m\u00e1s se puede pedir?\",\"breadcrumb\":{\"@id\":\"https:\\\/\\\/www.martagarciailustracion.com\\\/buscando-la-inspiracion-peniscola\\\/#breadcrumb\"},\"inLanguage\":\"en-US\",\"potentialAction\":[{\"@type\":\"ReadAction\",\"target\":[\"https:\\\/\\\/www.martagarciailustracion.com\\\/buscando-la-inspiracion-peniscola\\\/\"]}]},{\"@type\":\"ImageObject\",\"inLanguage\":\"en-US\",\"@id\":\"https:\\\/\\\/www.martagarciailustracion.com\\\/buscando-la-inspiracion-peniscola\\\/#primaryimage\",\"url\":\"https:\\\/\\\/www.martagarciailustracion.com\\\/wp-content\\\/uploads\\\/2022\\\/09\\\/02-web.jpg\",\"contentUrl\":\"https:\\\/\\\/www.martagarciailustracion.com\\\/wp-content\\\/uploads\\\/2022\\\/09\\\/02-web.jpg\",\"width\":1080,\"height\":720,\"caption\":\"panor\u00e1mica-Pe\u00f1\u00edscola\"},{\"@type\":\"BreadcrumbList\",\"@id\":\"https:\\\/\\\/www.martagarciailustracion.com\\\/buscando-la-inspiracion-peniscola\\\/#breadcrumb\",\"itemListElement\":[{\"@type\":\"ListItem\",\"position\":1,\"name\":\"Portada\",\"item\":\"https:\\\/\\\/www.martagarciailustracion.com\\\/\"},{\"@type\":\"ListItem\",\"position\":2,\"name\":\"Buscando la inspiraci\u00f3n &#8211; Pe\u00f1\u00edscola\"}]},{\"@type\":\"WebSite\",\"@id\":\"https:\\\/\\\/www.martagarciailustracion.com\\\/#website\",\"url\":\"https:\\\/\\\/www.martagarciailustracion.com\\\/\",\"name\":\"martagarciailustracion\",\"description\":\"Ilustradora y dise\u00f1adora de estampados. Blog de arte, tienda de ilustraciones y accesorios originales, portfolio y tutoriales de acuarela.\",\"potentialAction\":[{\"@type\":\"SearchAction\",\"target\":{\"@type\":\"EntryPoint\",\"urlTemplate\":\"https:\\\/\\\/www.martagarciailustracion.com\\\/?s={search_term_string}\"},\"query-input\":{\"@type\":\"PropertyValueSpecification\",\"valueRequired\":true,\"valueName\":\"search_term_string\"}}],\"inLanguage\":\"en-US\"},{\"@type\":\"Person\",\"@id\":\"https:\\\/\\\/www.martagarciailustracion.com\\\/#\\\/schema\\\/person\\\/b5f8ed47a46ae19f08a9d2a81f2f4c8c\",\"name\":\"Marta Garc\u00eda Gonz\u00e1lez\",\"image\":{\"@type\":\"ImageObject\",\"inLanguage\":\"en-US\",\"@id\":\"https:\\\/\\\/secure.gravatar.com\\\/avatar\\\/cdedb5e17af9aa3e410982f545cb9e831e059b4c1700901228f6f89ab2db0a12?s=96&d=mm&r=g\",\"url\":\"https:\\\/\\\/secure.gravatar.com\\\/avatar\\\/cdedb5e17af9aa3e410982f545cb9e831e059b4c1700901228f6f89ab2db0a12?s=96&d=mm&r=g\",\"contentUrl\":\"https:\\\/\\\/secure.gravatar.com\\\/avatar\\\/cdedb5e17af9aa3e410982f545cb9e831e059b4c1700901228f6f89ab2db0a12?s=96&d=mm&r=g\",\"caption\":\"Marta Garc\u00eda Gonz\u00e1lez\"},\"url\":\"https:\\\/\\\/www.martagarciailustracion.com\\\/en\\\/author\\\/martagarcia\\\/\"}]}<\/script>\n<!-- \/ Yoast SEO plugin. -->","yoast_head_json":{"title":"Buscando la inspiraci\u00f3n - Pe\u00f1\u00edscola - martagarciailustracion","description":"Buscando la inspiraci\u00f3n- Pe\u00f1\u00edscola. Blog sobre mi \u00faltimo viaje del verano: playa, monta\u00f1a, historia y buena gastronom\u00eda. \u00bfQu\u00e9 m\u00e1s se puede pedir?","robots":{"index":"index","follow":"follow","max-snippet":"max-snippet:-1","max-image-preview":"max-image-preview:large","max-video-preview":"max-video-preview:-1"},"canonical":"https:\/\/www.martagarciailustracion.com\/en\/buscando-la-inspiracion-peniscola\/","og_locale":"en_US","og_type":"article","og_title":"Buscando la inspiraci\u00f3n - Pe\u00f1\u00edscola - martagarciailustracion","og_description":"Buscando la inspiraci\u00f3n- Pe\u00f1\u00edscola. Blog sobre mi \u00faltimo viaje del verano: playa, monta\u00f1a, historia y buena gastronom\u00eda. \u00bfQu\u00e9 m\u00e1s se puede pedir?","og_url":"https:\/\/www.martagarciailustracion.com\/en\/buscando-la-inspiracion-peniscola\/","og_site_name":"martagarciailustracion","article_published_time":"2022-09-04T12:00:18+00:00","og_image":[{"width":1080,"height":720,"url":"https:\/\/i0.wp.com\/www.martagarciailustracion.com\/wp-content\/uploads\/2022\/09\/02-web.jpg?fit=1080%2C720&ssl=1","type":"image\/jpeg"}],"author":"Marta Garc\u00eda Gonz\u00e1lez","twitter_card":"summary_large_image","twitter_misc":{"Written by":"Marta Garc\u00eda Gonz\u00e1lez","Est. reading time":"2 minutes"},"schema":{"@context":"https:\/\/schema.org","@graph":[{"@type":"Article","@id":"https:\/\/www.martagarciailustracion.com\/buscando-la-inspiracion-peniscola\/#article","isPartOf":{"@id":"https:\/\/www.martagarciailustracion.com\/buscando-la-inspiracion-peniscola\/"},"author":{"name":"Marta Garc\u00eda Gonz\u00e1lez","@id":"https:\/\/www.martagarciailustracion.com\/#\/schema\/person\/b5f8ed47a46ae19f08a9d2a81f2f4c8c"},"headline":"Buscando la inspiraci\u00f3n &#8211; Pe\u00f1\u00edscola","datePublished":"2022-09-04T12:00:18+00:00","mainEntityOfPage":{"@id":"https:\/\/www.martagarciailustracion.com\/buscando-la-inspiracion-peniscola\/"},"wordCount":566,"commentCount":0,"image":{"@id":"https:\/\/www.martagarciailustracion.com\/buscando-la-inspiracion-peniscola\/#primaryimage"},"thumbnailUrl":"https:\/\/www.martagarciailustracion.com\/wp-content\/uploads\/2022\/09\/02-web.jpg","keywords":["blog","mi vida como artista"],"articleSection":["Estilo de vida","Inspiraci\u00f3n"],"inLanguage":"en-US","potentialAction":[{"@type":"CommentAction","name":"Comment","target":["https:\/\/www.martagarciailustracion.com\/buscando-la-inspiracion-peniscola\/#respond"]}]},{"@type":"WebPage","@id":"https:\/\/www.martagarciailustracion.com\/buscando-la-inspiracion-peniscola\/","url":"https:\/\/www.martagarciailustracion.com\/buscando-la-inspiracion-peniscola\/","name":"Buscando la inspiraci\u00f3n - Pe\u00f1\u00edscola - martagarciailustracion","isPartOf":{"@id":"https:\/\/www.martagarciailustracion.com\/#website"},"primaryImageOfPage":{"@id":"https:\/\/www.martagarciailustracion.com\/buscando-la-inspiracion-peniscola\/#primaryimage"},"image":{"@id":"https:\/\/www.martagarciailustracion.com\/buscando-la-inspiracion-peniscola\/#primaryimage"},"thumbnailUrl":"https:\/\/www.martagarciailustracion.com\/wp-content\/uploads\/2022\/09\/02-web.jpg","datePublished":"2022-09-04T12:00:18+00:00","author":{"@id":"https:\/\/www.martagarciailustracion.com\/#\/schema\/person\/b5f8ed47a46ae19f08a9d2a81f2f4c8c"},"description":"Buscando la inspiraci\u00f3n- Pe\u00f1\u00edscola. Blog sobre mi \u00faltimo viaje del verano: playa, monta\u00f1a, historia y buena gastronom\u00eda. \u00bfQu\u00e9 m\u00e1s se puede pedir?","breadcrumb":{"@id":"https:\/\/www.martagarciailustracion.com\/buscando-la-inspiracion-peniscola\/#breadcrumb"},"inLanguage":"en-US","potentialAction":[{"@type":"ReadAction","target":["https:\/\/www.martagarciailustracion.com\/buscando-la-inspiracion-peniscola\/"]}]},{"@type":"ImageObject","inLanguage":"en-US","@id":"https:\/\/www.martagarciailustracion.com\/buscando-la-inspiracion-peniscola\/#primaryimage","url":"https:\/\/www.martagarciailustracion.com\/wp-content\/uploads\/2022\/09\/02-web.jpg","contentUrl":"https:\/\/www.martagarciailustracion.com\/wp-content\/uploads\/2022\/09\/02-web.jpg","width":1080,"height":720,"caption":"panor\u00e1mica-Pe\u00f1\u00edscola"},{"@type":"BreadcrumbList","@id":"https:\/\/www.martagarciailustracion.com\/buscando-la-inspiracion-peniscola\/#breadcrumb","itemListElement":[{"@type":"ListItem","position":1,"name":"Portada","item":"https:\/\/www.martagarciailustracion.com\/"},{"@type":"ListItem","position":2,"name":"Buscando la inspiraci\u00f3n &#8211; Pe\u00f1\u00edscola"}]},{"@type":"WebSite","@id":"https:\/\/www.martagarciailustracion.com\/#website","url":"https:\/\/www.martagarciailustracion.com\/","name":"martagarciailustracion","description":"Ilustradora y dise\u00f1adora de estampados. Blog de arte, tienda de ilustraciones y accesorios originales, portfolio y tutoriales de acuarela.","potentialAction":[{"@type":"SearchAction","target":{"@type":"EntryPoint","urlTemplate":"https:\/\/www.martagarciailustracion.com\/?s={search_term_string}"},"query-input":{"@type":"PropertyValueSpecification","valueRequired":true,"valueName":"search_term_string"}}],"inLanguage":"en-US"},{"@type":"Person","@id":"https:\/\/www.martagarciailustracion.com\/#\/schema\/person\/b5f8ed47a46ae19f08a9d2a81f2f4c8c","name":"Marta Garc\u00eda Gonz\u00e1lez","image":{"@type":"ImageObject","inLanguage":"en-US","@id":"https:\/\/secure.gravatar.com\/avatar\/cdedb5e17af9aa3e410982f545cb9e831e059b4c1700901228f6f89ab2db0a12?s=96&d=mm&r=g","url":"https:\/\/secure.gravatar.com\/avatar\/cdedb5e17af9aa3e410982f545cb9e831e059b4c1700901228f6f89ab2db0a12?s=96&d=mm&r=g","contentUrl":"https:\/\/secure.gravatar.com\/avatar\/cdedb5e17af9aa3e410982f545cb9e831e059b4c1700901228f6f89ab2db0a12?s=96&d=mm&r=g","caption":"Marta Garc\u00eda Gonz\u00e1lez"},"url":"https:\/\/www.martagarciailustracion.com\/en\/author\/martagarcia\/"}]}},"menu_order":0,"_links":{"self":[{"href":"https:\/\/www.martagarciailustracion.com\/en\/wp-json\/wp\/v2\/posts\/29891","targetHints":{"allow":["GET"]}}],"collection":[{"href":"https:\/\/www.martagarciailustracion.com\/en\/wp-json\/wp\/v2\/posts"}],"about":[{"href":"https:\/\/www.martagarciailustracion.com\/en\/wp-json\/wp\/v2\/types\/post"}],"author":[{"embeddable":true,"href":"https:\/\/www.martagarciailustracion.com\/en\/wp-json\/wp\/v2\/users\/3"}],"replies":[{"embeddable":true,"href":"https:\/\/www.martagarciailustracion.com\/en\/wp-json\/wp\/v2\/comments?post=29891"}],"version-history":[{"count":0,"href":"https:\/\/www.martagarciailustracion.com\/en\/wp-json\/wp\/v2\/posts\/29891\/revisions"}],"wp:featuredmedia":[{"embeddable":true,"href":"https:\/\/www.martagarciailustracion.com\/en\/wp-json\/wp\/v2\/media\/29892"}],"wp:attachment":[{"href":"https:\/\/www.martagarciailustracion.com\/en\/wp-json\/wp\/v2\/media?parent=29891"}],"wp:term":[{"taxonomy":"category","embeddable":true,"href":"https:\/\/www.martagarciailustracion.com\/en\/wp-json\/wp\/v2\/categories?post=29891"},{"taxonomy":"post_tag","embeddable":true,"href":"https:\/\/www.martagarciailustracion.com\/en\/wp-json\/wp\/v2\/tags?post=29891"}],"curies":[{"name":"wp","href":"https:\/\/api.w.org\/{rel}","templated":true}]}}