{"id":42083,"date":"2023-12-20T16:22:52","date_gmt":"2023-12-20T16:22:52","guid":{"rendered":"https:\/\/www.martagarciailustracion.com\/?p=42083"},"modified":"2024-11-19T08:30:26","modified_gmt":"2024-11-19T08:30:26","slug":"6-ideas-de-regalos-para-personas-creativas","status":"publish","type":"post","link":"https:\/\/www.martagarciailustracion.com\/en\/6-ideas-de-regalos-para-personas-creativas\/","title":{"rendered":"6 gift ideas for creative people"},"content":{"rendered":"<div class=\"wpb-content-wrapper\"><div id=\"vc_row-69f218119f3b5\" class=\"vc_row wpb_row vc_row-fluid thegem-custom-69f218119f32c5811\"><div class=\"wpb_column vc_column_container vc_col-sm-12 thegem-custom-69f218119fa6d8746\" ><div class=\"vc_column-inner thegem-custom-inner-69f218119fa70\"><div class=\"wpb_wrapper thegem-custom-69f218119fa6d8746\">\r\n\t\r\n\t\t<div class=\"wpb_text_column wpb_content_element  thegem-vc-text thegem-custom-69f21811a00407962\"  >\r\n\t\t\t<div class=\"wpb_wrapper\">\r\n\t\t\t\t<h1>6 gift ideas for creative people<\/h1>\n\r\n\t\t\t<\/div>\r\n\t\t\t<style>@media screen and (max-width: 1023px) {.thegem-vc-text.thegem-custom-69f21811a00407962{display: block!important;}}@media screen and (max-width: 767px) {.thegem-vc-text.thegem-custom-69f21811a00407962{display: block!important;}}@media screen and (max-width: 1023px) {.thegem-vc-text.thegem-custom-69f21811a00407962{position: relative !important;}}@media screen and (max-width: 767px) {.thegem-vc-text.thegem-custom-69f21811a00407962{position: relative !important;}}<\/style>\r\n\t\t<\/div>\r\n\t\r\n<\/div><\/div><\/div><\/div><div id=\"vc_row-69f21811a0771\" class=\"vc_row wpb_row vc_row-fluid thegem-custom-69f21811a075f2336\"><div class=\"wpb_column vc_column_container vc_col-sm-12 thegem-custom-69f21811a0cc37669\" ><div class=\"vc_column-inner thegem-custom-inner-69f21811a0cc6\"><div class=\"wpb_wrapper thegem-custom-69f21811a0cc37669\">\r\n\t\r\n\t\t<div class=\"wpb_text_column wpb_content_element  thegem-vc-text thegem-custom-69f21811a0f6d116\"  >\r\n\t\t\t<div class=\"wpb_wrapper\">\r\n\t\t\t\t<p>Happy Wednesday dear readers!<\/p>\n<p>I know I'm a little late to publish this post \ud83d\ude2c\u200b. I've had a very busy two weeks with personal problems and I haven't been able to find time to stop by here sooner.<\/p>\n<p>I hope that at least it will be useful to you stragglers who leave Christmas gifts for the last minute (As is my case \ud83d\ude05\ud83d\ude05).<\/p>\n<p>Below I leave you gift ideas for restless artistic minds. Some of them I have tried personally and others are at the top of my wish list.<\/p>\n\r\n\t\t\t<\/div>\r\n\t\t\t<style>@media screen and (max-width: 1023px) {.thegem-vc-text.thegem-custom-69f21811a0f6d116{display: block!important;}}@media screen and (max-width: 767px) {.thegem-vc-text.thegem-custom-69f21811a0f6d116{display: block!important;}}@media screen and (max-width: 1023px) {.thegem-vc-text.thegem-custom-69f21811a0f6d116{position: relative !important;}}@media screen and (max-width: 767px) {.thegem-vc-text.thegem-custom-69f21811a0f6d116{position: relative !important;}}<\/style>\r\n\t\t<\/div>\r\n\t\r\n<\/div><\/div><\/div><\/div><div id=\"vc_row-69f21811a161e\" class=\"vc_row wpb_row vc_row-fluid thegem-custom-69f21811a160b1541\"><div class=\"wpb_column vc_column_container vc_col-sm-8 thegem-custom-69f21811a1be85105\" ><div class=\"vc_column-inner thegem-custom-inner-69f21811a1beb\"><div class=\"wpb_wrapper thegem-custom-69f21811a1be85105\">\r\n\t\r\n\t\t<div class=\"wpb_text_column wpb_content_element  thegem-vc-text thegem-custom-69f21811a1e8f2508\"  >\r\n\t\t\t<div class=\"wpb_wrapper\">\r\n\t\t\t\t<h3>ESCODA TRAVEL BRUSH CASE \u2013 RED SET (\u20ac63 \u2013 \u20ac67)<\/h3>\n\r\n\t\t\t<\/div>\r\n\t\t\t<style>@media screen and (max-width: 1023px) {.thegem-vc-text.thegem-custom-69f21811a1e8f2508{display: block!important;}}@media screen and (max-width: 767px) {.thegem-vc-text.thegem-custom-69f21811a1e8f2508{display: block!important;}}@media screen and (max-width: 1023px) {.thegem-vc-text.thegem-custom-69f21811a1e8f2508{position: relative !important;}}@media screen and (max-width: 767px) {.thegem-vc-text.thegem-custom-69f21811a1e8f2508{position: relative !important;}}<\/style>\r\n\t\t<\/div>\r\n\t\r\n\r\n\t\r\n\t\t<div class=\"wpb_text_column wpb_content_element  thegem-vc-text thegem-custom-69f21811a20cd5646\"  >\r\n\t\t\t<div class=\"wpb_wrapper\">\r\n\t\t\t\t<p>Of the 4 models of travel cases that Escoda has brought to the market, my favorite is the Red Set.<\/p>\n<p class=\"translation-block\">It consists of 2 Escoda Versatile brushes with numbers 6 and 12 (my favorites in the world, I leave you the link to an entry on my blog where I tell you about them: <a href=\"https:\/\/www.martagarciailustracion.com\/en\/ my-escoda-versatil-brushes\/\" target=\"_self\">My Escoda Versatil brushes<\/a>) and a number 8 Escoda Perla brush.<\/p>\n<p>This case is perfect for those restless people who like to paint on their trips or go out painting on the street.<\/p>\n<p class=\"translation-block\">You can get them at <strong><a href=\"https:\/\/www.artemiranda.es\/escoda-estuche-tela-pinceles-de-bolsillo-red-set-serie-1270\/22637\" target=\"_self\"> Artemiranda<\/a> for \u20ac67<\/strong> or at <strong><a href=\"https:\/\/vpiera.com\/es\/escoda-1270-red-set-3-pinceles-versatil-y-perla? gad_source=1&amp;gclid=CjwKCAiAvoqsBhB9EiwA9XTWGY14N5ymsydy5xe_3tPCYEnDCA7qKlmxOWpHXzyR0LK7CtG1ujaOORoCfw0QAvD_BwE\" target=\"_self\">VPiera<\/a> for \u20ac63<\/strong>.<\/p>\n\r\n\t\t\t<\/div>\r\n\t\t\t<style>@media screen and (max-width: 1023px) {.thegem-vc-text.thegem-custom-69f21811a20cd5646{display: block!important;}}@media screen and (max-width: 767px) {.thegem-vc-text.thegem-custom-69f21811a20cd5646{display: block!important;}}@media screen and (max-width: 1023px) {.thegem-vc-text.thegem-custom-69f21811a20cd5646{position: relative !important;}}@media screen and (max-width: 767px) {.thegem-vc-text.thegem-custom-69f21811a20cd5646{position: relative !important;}}<\/style>\r\n\t\t<\/div>\r\n\t\r\n<\/div><\/div><\/div><div class=\"wpb_column vc_column_container vc_col-sm-4 thegem-custom-69f21811a26435057\" ><div class=\"vc_column-inner thegem-custom-inner-69f21811a2646\"><div class=\"wpb_wrapper thegem-custom-69f21811a26435057\">\r\n\t\r\n\t<div  class=\"wpb_single_image wpb_content_element vc_align_left\" >\r\n\t\t\r\n\t\t<figure class=\"wpb_wrapper vc_figure\">\r\n\t\t\t<div class=\"vc_single_image-wrapper   vc_box_border_grey\"><img width=\"597\" height=\"602\" src=\"https:\/\/www.martagarciailustracion.com\/wp-content\/uploads\/2023\/12\/01.jpg\" class=\"vc_single_image-img attachment-large\" alt=\"ESCODA estuche de viaje - set rojo\" title=\"ESCODA estuche de viaje - set rojo\" srcset=\"https:\/\/www.martagarciailustracion.com\/wp-content\/uploads\/2023\/12\/01.jpg 597w, https:\/\/www.martagarciailustracion.com\/wp-content\/uploads\/2023\/12\/01-160x160.jpg 160w, https:\/\/www.martagarciailustracion.com\/wp-content\/uploads\/2023\/12\/01-298x300.jpg 298w, https:\/\/www.martagarciailustracion.com\/wp-content\/uploads\/2023\/12\/01-150x150.jpg 150w, https:\/\/www.martagarciailustracion.com\/wp-content\/uploads\/2023\/12\/01-12x12.jpg 12w\" sizes=\"(max-width: 597px) 100vw, 597px\" \/><\/div>\r\n\t\t<\/figure>\r\n\t<\/div>\r\n\t\r\n<\/div><\/div><\/div><\/div><div id=\"vc_row-69f21811a3a9b\" class=\"vc_row wpb_row vc_row-fluid thegem-custom-69f21811a3a89641\"><div class=\"wpb_column vc_column_container vc_col-sm-8 thegem-custom-69f21811a3fe94264\" ><div class=\"vc_column-inner thegem-custom-inner-69f21811a3fed\"><div class=\"wpb_wrapper thegem-custom-69f21811a3fe94264\">\r\n\t\r\n\t\t<div class=\"wpb_text_column wpb_content_element  thegem-vc-text thegem-custom-69f21811a429f2176\"  >\r\n\t\t\t<div class=\"wpb_wrapper\">\r\n\t\t\t\t<h3>Watercolor sketchbook (\u20ac13 \u2013 \u20ac38)<\/h3>\n\r\n\t\t\t<\/div>\r\n\t\t\t<style>@media screen and (max-width: 1023px) {.thegem-vc-text.thegem-custom-69f21811a429f2176{display: block!important;}}@media screen and (max-width: 767px) {.thegem-vc-text.thegem-custom-69f21811a429f2176{display: block!important;}}@media screen and (max-width: 1023px) {.thegem-vc-text.thegem-custom-69f21811a429f2176{position: relative !important;}}@media screen and (max-width: 767px) {.thegem-vc-text.thegem-custom-69f21811a429f2176{position: relative !important;}}<\/style>\r\n\t\t<\/div>\r\n\t\r\n\r\n\t\r\n\t\t<div class=\"wpb_text_column wpb_content_element  thegem-vc-text thegem-custom-69f21811a44f48102\"  >\r\n\t\t\t<div class=\"wpb_wrapper\">\r\n\t\t\t\t<p>Among the many types of drawing notebooks that exist on the market, the ones I like the most are these two models.<\/p>\n<h5>Watercolor Notebook 100% cotton 300g BAOHONG<\/h5>\n<p>It is available in both satin grain (brown tops) and fine grain (dark green tops). I personally like it much more in fine grain, it is more versatile so you will be sure to get it right!<\/p>\n<p class=\"translation-block\">You can also choose between 3 sizes. My favorite is, without a doubt, the largest size (equivalent to approximately A5). At the time of writing this post it costs <strong>\u20ac25.80 at <a href=\"https:\/\/www.artemiranda.es\/baohong-watercolor-sketchbook-300-g-100-algodon\/25588\" target=\"_self\">Artemiranda<\/a><\/strong>.<\/p>\n<p class=\"translation-block\">You can also find it <strong>at <a href=\"https:\/\/es.aliexpress.com\/item\/1005003134195189.html?spm=a2g0o.productlist.main.33.1063XucRXucRdo&amp;algo_pvid=60d65bb1-a7f0-49d5-8255-f533fe7287df&amp;algo_exp_id= 60d65bb1-a7f0-49d5-8255-f533fe7287df-16&amp;pdp_npi=4disEUR28.2514.4130.272103835e17030740235001326e751 012000024277917157seaES1868288504&amp;curPageLogUid=BGPQzS9aIb6F\" target=\"_self \">AliExpress<\/a><\/strong> for a very good price, right now they have it for <strong>\u20ac21.73<\/strong>. Although we already know that AliExpress prices fluctuate a lot, not counting the time it takes to deliver the package... On many occasions we cannot wait two months for the supposed gift to be delivered.<\/p>\n\r\n\t\t\t<\/div>\r\n\t\t\t<style>@media screen and (max-width: 1023px) {.thegem-vc-text.thegem-custom-69f21811a44f48102{display: block!important;}}@media screen and (max-width: 767px) {.thegem-vc-text.thegem-custom-69f21811a44f48102{display: block!important;}}@media screen and (max-width: 1023px) {.thegem-vc-text.thegem-custom-69f21811a44f48102{position: relative !important;}}@media screen and (max-width: 767px) {.thegem-vc-text.thegem-custom-69f21811a44f48102{position: relative !important;}}<\/style>\r\n\t\t<\/div>\r\n\t\r\n<\/div><\/div><\/div><div class=\"wpb_column vc_column_container vc_col-sm-4 thegem-custom-69f21811a4a6b1352\" ><div class=\"vc_column-inner thegem-custom-inner-69f21811a4a6e\"><div class=\"wpb_wrapper thegem-custom-69f21811a4a6b1352\">\r\n\t\r\n\t<div  class=\"wpb_single_image wpb_content_element vc_align_left\" >\r\n\t\t\r\n\t\t<figure class=\"wpb_wrapper vc_figure\">\r\n\t\t\t<div class=\"vc_single_image-wrapper   vc_box_border_grey\"><img width=\"298\" height=\"299\" src=\"https:\/\/www.martagarciailustracion.com\/wp-content\/uploads\/2023\/12\/02.jpg\" class=\"vc_single_image-img attachment-large\" alt=\"Watercolor Sketchbook Baohong\" title=\"Watercolor Sketchbook Baohong\" srcset=\"https:\/\/www.martagarciailustracion.com\/wp-content\/uploads\/2023\/12\/02.jpg 298w, https:\/\/www.martagarciailustracion.com\/wp-content\/uploads\/2023\/12\/02-160x160.jpg 160w, https:\/\/www.martagarciailustracion.com\/wp-content\/uploads\/2023\/12\/02-180x180.jpg 180w, https:\/\/www.martagarciailustracion.com\/wp-content\/uploads\/2023\/12\/02-150x150.jpg 150w, https:\/\/www.martagarciailustracion.com\/wp-content\/uploads\/2023\/12\/02-12x12.jpg 12w, https:\/\/www.martagarciailustracion.com\/wp-content\/uploads\/2023\/12\/02-256x256.jpg 256w\" sizes=\"(max-width: 298px) 100vw, 298px\" \/><\/div>\r\n\t\t<\/figure>\r\n\t<\/div>\r\n\t\r\n<\/div><\/div><\/div><\/div><div id=\"vc_row-69f21811a5991\" class=\"vc_row wpb_row vc_row-fluid thegem-custom-69f21811a597f9000\"><div class=\"wpb_column vc_column_container vc_col-sm-3 thegem-custom-69f21811a5ede3011\" ><div class=\"vc_column-inner thegem-custom-inner-69f21811a5ee2\"><div class=\"wpb_wrapper thegem-custom-69f21811a5ede3011\">\r\n\t\r\n\t<div  class=\"wpb_single_image wpb_content_element vc_align_left\" >\r\n\t\t\r\n\t\t<figure class=\"wpb_wrapper vc_figure\">\r\n\t\t\t<div class=\"vc_single_image-wrapper   vc_box_border_grey\"><img width=\"297\" height=\"297\" src=\"https:\/\/www.martagarciailustracion.com\/wp-content\/uploads\/2023\/12\/03.jpg\" class=\"vc_single_image-img attachment-large\" alt=\"Hahnem\u00fchle Watercolor Sketchbook\" title=\"Hahnem\u00fchle Watercolor Sketchbook\" srcset=\"https:\/\/www.martagarciailustracion.com\/wp-content\/uploads\/2023\/12\/03.jpg 297w, https:\/\/www.martagarciailustracion.com\/wp-content\/uploads\/2023\/12\/03-160x160.jpg 160w, https:\/\/www.martagarciailustracion.com\/wp-content\/uploads\/2023\/12\/03-180x180.jpg 180w, https:\/\/www.martagarciailustracion.com\/wp-content\/uploads\/2023\/12\/03-150x150.jpg 150w, https:\/\/www.martagarciailustracion.com\/wp-content\/uploads\/2023\/12\/03-12x12.jpg 12w, https:\/\/www.martagarciailustracion.com\/wp-content\/uploads\/2023\/12\/03-256x256.jpg 256w\" sizes=\"(max-width: 297px) 100vw, 297px\" \/><\/div>\r\n\t\t<\/figure>\r\n\t<\/div>\r\n\t\r\n<\/div><\/div><\/div><div class=\"wpb_column vc_column_container vc_col-sm-9 thegem-custom-69f21811a6d002559\" ><div class=\"vc_column-inner thegem-custom-inner-69f21811a6d03\"><div class=\"wpb_wrapper thegem-custom-69f21811a6d002559\">\r\n\t\r\n\t\t<div class=\"wpb_text_column wpb_content_element  thegem-vc-text thegem-custom-69f21811a6fbf8742\"  >\r\n\t\t\t<div class=\"wpb_wrapper\">\r\n\t\t\t\t<h5>Watercolor notebook 100% cotton 250g hahnem\u00fchle<\/h5>\n<p>What I like most about this notebook is that they have a square format! My favorite format in the world! \ud83d\ude0d\u200b<\/p>\n<p class=\"translation-block\">The <strong>prices at <a href=\"https:\/\/www.artemiranda.es\/hahnemuhle-watercolour-book-100-algodon-250-g\/27388\" target=\"_self\">Artemiranda<\/a><\/strong> of this notebook <strong>range between \u20ac13.12<\/strong> for the smallest format, <strong>up to \u20ac37.77<\/strong> for the A4 size.<\/p>\n\r\n\t\t\t<\/div>\r\n\t\t\t<style>@media screen and (max-width: 1023px) {.thegem-vc-text.thegem-custom-69f21811a6fbf8742{display: block!important;}}@media screen and (max-width: 767px) {.thegem-vc-text.thegem-custom-69f21811a6fbf8742{display: block!important;}}@media screen and (max-width: 1023px) {.thegem-vc-text.thegem-custom-69f21811a6fbf8742{position: relative !important;}}@media screen and (max-width: 767px) {.thegem-vc-text.thegem-custom-69f21811a6fbf8742{position: relative !important;}}<\/style>\r\n\t\t<\/div>\r\n\t\r\n<\/div><\/div><\/div><\/div><div id=\"vc_row-69f21811a76da\" class=\"vc_row wpb_row vc_row-fluid thegem-custom-69f21811a76c63341\"><div class=\"wpb_column vc_column_container vc_col-sm-8 thegem-custom-69f21811a7c3a1583\" ><div class=\"vc_column-inner thegem-custom-inner-69f21811a7c3d\"><div class=\"wpb_wrapper thegem-custom-69f21811a7c3a1583\">\r\n\t\r\n\t\t<div class=\"wpb_text_column wpb_content_element  thegem-vc-text thegem-custom-69f21811a7ee77823\"  >\r\n\t\t\t<div class=\"wpb_wrapper\">\r\n\t\t\t\t<h3>derwent drawing colored pencil set (\u20ac21 \u2013 \u20ac52)<\/h3>\n<p>Value for money, these colored pencil sets are ideal. They are somewhere between school pencils (the typical Alpino ones) and professional pencils of the Caran d'ache Luminance type (in which each pencil can cost approximately \u20ac4).<\/p>\n<p>Plus, it's not your typical color palette. It includes beautiful desaturated earth tones, very rare in commercial colored pencil boxes.<\/p>\n<p class=\"translation-block\">You can find them at<strong> <a href=\"https:\/\/craftelier.com\/caja-metalica-drawing-derwent.html?lighthousefeed_utm_source=GS+-+Google+Shopping+(Via+LighthouseFeed)&amp;lighthousefeed_utm_medium=cpc&amp;lighthousefeed_utm_term=1350&amp;gad_source=4&amp;gclid =CjwKCAiAvoqsBhB9EiwA9XTWGdaeGGbtBcXszJFRCRM5CwHcvFD_5VnpL7LQuYnXLemWMrtiJ9gTvRoClIYQAvD_BwE\" target=\"_self\">Craftelier<\/a> for \u20ac21.35 for the box of 12 colors and \u20ac42.02 for the box of 24 colors<\/strong>.<\/p>\n<p class=\"translation-block\">They are also available at <strong><a href=\"https:\/\/www.milbby.com\/search?q=derwent+drawing\" target=\"_self\">Milbby<\/a> for \u20ac24.99 for a box of 12 colors and \u20ac52.49 for a box of 24 colors<\/strong>.<\/p>\n\r\n\t\t\t<\/div>\r\n\t\t\t<style>@media screen and (max-width: 1023px) {.thegem-vc-text.thegem-custom-69f21811a7ee77823{display: block!important;}}@media screen and (max-width: 767px) {.thegem-vc-text.thegem-custom-69f21811a7ee77823{display: block!important;}}@media screen and (max-width: 1023px) {.thegem-vc-text.thegem-custom-69f21811a7ee77823{position: relative !important;}}@media screen and (max-width: 767px) {.thegem-vc-text.thegem-custom-69f21811a7ee77823{position: relative !important;}}<\/style>\r\n\t\t<\/div>\r\n\t\r\n<\/div><\/div><\/div><div class=\"wpb_column vc_column_container vc_col-sm-4 thegem-custom-69f21811a84781723\" ><div class=\"vc_column-inner thegem-custom-inner-69f21811a847b\"><div class=\"wpb_wrapper thegem-custom-69f21811a84781723\">\r\n\t\r\n\t<div  class=\"wpb_single_image wpb_content_element vc_align_left\" >\r\n\t\t\r\n\t\t<figure class=\"wpb_wrapper vc_figure\">\r\n\t\t\t<div class=\"vc_single_image-wrapper   vc_box_border_grey\"><img width=\"562\" height=\"604\" src=\"https:\/\/www.martagarciailustracion.com\/wp-content\/uploads\/2023\/12\/04.jpg\" class=\"vc_single_image-img attachment-large\" alt=\"Derwent Drawing\" title=\"Derwent Drawing\" srcset=\"https:\/\/www.martagarciailustracion.com\/wp-content\/uploads\/2023\/12\/04.jpg 562w, https:\/\/www.martagarciailustracion.com\/wp-content\/uploads\/2023\/12\/04-279x300.jpg 279w, https:\/\/www.martagarciailustracion.com\/wp-content\/uploads\/2023\/12\/04-11x12.jpg 11w\" sizes=\"(max-width: 562px) 100vw, 562px\" \/><\/div>\r\n\t\t<\/figure>\r\n\t<\/div>\r\n\t\r\n<\/div><\/div><\/div><\/div><div id=\"vc_row-69f21811a9583\" class=\"vc_row wpb_row vc_row-fluid thegem-custom-69f21811a956e6702\"><div class=\"wpb_column vc_column_container vc_col-sm-8 thegem-custom-69f21811a9ae75673\" ><div class=\"vc_column-inner thegem-custom-inner-69f21811a9aea\"><div class=\"wpb_wrapper thegem-custom-69f21811a9ae75673\">\r\n\t\r\n\t\t<div class=\"wpb_text_column wpb_content_element  thegem-vc-text thegem-custom-69f21811a9d8f689\"  >\r\n\t\t\t<div class=\"wpb_wrapper\">\r\n\t\t\t\t<h3>ARTGRAF WATERCOLOR GRAPHITE KIT (\u20ac53)<\/h3>\n<p>Ideal for those people who have everything. A very complete and very well presented kit.<\/p>\n<p class=\"translation-block\">It has never been missing from my case since I discovered it a few years ago. I leave you the link of this kit at <a href=\"https:\/\/www.artemiranda.es\/artgraf-kit-de-acuarela-de-grafito-lata-de-20-g-pincel-barra-stick-soft \/3195\" target=\"_self\">Artemiranda<\/a>.<\/p>\n\r\n\t\t\t<\/div>\r\n\t\t\t<style>@media screen and (max-width: 1023px) {.thegem-vc-text.thegem-custom-69f21811a9d8f689{display: block!important;}}@media screen and (max-width: 767px) {.thegem-vc-text.thegem-custom-69f21811a9d8f689{display: block!important;}}@media screen and (max-width: 1023px) {.thegem-vc-text.thegem-custom-69f21811a9d8f689{position: relative !important;}}@media screen and (max-width: 767px) {.thegem-vc-text.thegem-custom-69f21811a9d8f689{position: relative !important;}}<\/style>\r\n\t\t<\/div>\r\n\t\r\n<\/div><\/div><\/div><div class=\"wpb_column vc_column_container vc_col-sm-4 thegem-custom-69f21811aa30b931\" ><div class=\"vc_column-inner thegem-custom-inner-69f21811aa30e\"><div class=\"wpb_wrapper thegem-custom-69f21811aa30b931\">\r\n\t\r\n\t<div  class=\"wpb_single_image wpb_content_element vc_align_left\" >\r\n\t\t\r\n\t\t<figure class=\"wpb_wrapper vc_figure\">\r\n\t\t\t<div class=\"vc_single_image-wrapper   vc_box_border_grey\"><img width=\"298\" height=\"299\" src=\"https:\/\/www.martagarciailustracion.com\/wp-content\/uploads\/2023\/12\/06.jpg\" class=\"vc_single_image-img attachment-large\" alt=\"Grafito acuarelable\" title=\"Grafito acuarelable\" srcset=\"https:\/\/www.martagarciailustracion.com\/wp-content\/uploads\/2023\/12\/06.jpg 298w, https:\/\/www.martagarciailustracion.com\/wp-content\/uploads\/2023\/12\/06-160x160.jpg 160w, https:\/\/www.martagarciailustracion.com\/wp-content\/uploads\/2023\/12\/06-180x180.jpg 180w, https:\/\/www.martagarciailustracion.com\/wp-content\/uploads\/2023\/12\/06-150x150.jpg 150w, https:\/\/www.martagarciailustracion.com\/wp-content\/uploads\/2023\/12\/06-12x12.jpg 12w, https:\/\/www.martagarciailustracion.com\/wp-content\/uploads\/2023\/12\/06-256x256.jpg 256w\" sizes=\"(max-width: 298px) 100vw, 298px\" \/><\/div>\r\n\t\t<\/figure>\r\n\t<\/div>\r\n\t\r\n<\/div><\/div><\/div><\/div><div id=\"vc_row-69f21811ab2a7\" class=\"vc_row wpb_row vc_row-fluid thegem-custom-69f21811ab2924253\"><div class=\"wpb_column vc_column_container vc_col-sm-8 thegem-custom-69f21811ab8241586\" ><div class=\"vc_column-inner thegem-custom-inner-69f21811ab828\"><div class=\"wpb_wrapper thegem-custom-69f21811ab8241586\">\r\n\t\r\n\t\t<div class=\"wpb_text_column wpb_content_element  thegem-vc-text thegem-custom-69f21811abb071637\"  >\r\n\t\t\t<div class=\"wpb_wrapper\">\r\n\t\t\t\t<h3>tote bag ilustrado (22,50\u20ac)<\/h3>\n<p>I designed these cute bags myself \ud83d\ude0a. I think they are a very original gift, ideal for storing all our materials when we want to go on an artistic getaway.<\/p>\n<p>I have the country landscape model and I use it a lot in summer to go to the beach or the pool.<\/p>\n<p class=\"translation-block\">At the moment they are only available in my store at <strong><a href=\"https:\/\/www.etsy.com\/es\/shop\/MartaGIllustration\" target=\"_self\">Etsy<\/a><\/strong> by <strong>\u20ac27.23<\/strong>. Soon I hope to have them available in my own online store.<\/p>\n<p><span style=\"color: #993300;\"><strong>ACTUALIZACI\u00d3N<\/strong> <strong>NOVIEMBRE 2024<\/strong><\/span>: <strong>\u00a1\u00a1Ya est\u00e1n disponibles en mi tienda online por 22,50\u20ac !!<\/strong> Os dejo el enlace por si quer\u00e9is echar un vistazo.<\/p>\n<blockquote><p>\n<a href=\"https:\/\/www.martagarciailustracion.com\/en\/tienda\/?category=bolsas-de-tela\">Tote bags ilustrados<\/a>\n<\/p><\/blockquote>\n\r\n\t\t\t<\/div>\r\n\t\t\t<style>@media screen and (max-width: 1023px) {.thegem-vc-text.thegem-custom-69f21811abb071637{display: block!important;}}@media screen and (max-width: 767px) {.thegem-vc-text.thegem-custom-69f21811abb071637{display: block!important;}}@media screen and (max-width: 1023px) {.thegem-vc-text.thegem-custom-69f21811abb071637{position: relative !important;}}@media screen and (max-width: 767px) {.thegem-vc-text.thegem-custom-69f21811abb071637{position: relative !important;}}<\/style>\r\n\t\t<\/div>\r\n\t\r\n<\/div><\/div><\/div><div class=\"wpb_column vc_column_container vc_col-sm-4 thegem-custom-69f21811ac0cf8297\" ><div class=\"vc_column-inner thegem-custom-inner-69f21811ac0d2\"><div class=\"wpb_wrapper thegem-custom-69f21811ac0cf8297\">\r\n\t\r\n\t<div  class=\"wpb_single_image wpb_content_element vc_align_left\" >\r\n\t\t\r\n\t\t<figure class=\"wpb_wrapper vc_figure\">\r\n\t\t\t<div class=\"vc_single_image-wrapper   vc_box_border_grey\"><img width=\"1000\" height=\"1000\" src=\"https:\/\/www.martagarciailustracion.com\/wp-content\/uploads\/2023\/12\/all-over-print-tote-black-15x15-back-6569d70a607c8.jpg\" class=\"vc_single_image-img attachment-large\" alt=\"Bolso de tela r\u00edgida estampado floral\" title=\"Bolso de tela r\u00edgida estampado floral\" srcset=\"https:\/\/www.martagarciailustracion.com\/wp-content\/uploads\/2023\/12\/all-over-print-tote-black-15x15-back-6569d70a607c8.jpg 1000w, https:\/\/www.martagarciailustracion.com\/wp-content\/uploads\/2023\/12\/all-over-print-tote-black-15x15-back-6569d70a607c8-160x160.jpg 160w, https:\/\/www.martagarciailustracion.com\/wp-content\/uploads\/2023\/12\/all-over-print-tote-black-15x15-back-6569d70a607c8-180x180.jpg 180w, https:\/\/www.martagarciailustracion.com\/wp-content\/uploads\/2023\/12\/all-over-print-tote-black-15x15-back-6569d70a607c8-600x600.jpg 600w, https:\/\/www.martagarciailustracion.com\/wp-content\/uploads\/2023\/12\/all-over-print-tote-black-15x15-back-6569d70a607c8-300x300.jpg 300w, https:\/\/www.martagarciailustracion.com\/wp-content\/uploads\/2023\/12\/all-over-print-tote-black-15x15-back-6569d70a607c8-150x150.jpg 150w, https:\/\/www.martagarciailustracion.com\/wp-content\/uploads\/2023\/12\/all-over-print-tote-black-15x15-back-6569d70a607c8-768x768.jpg 768w, https:\/\/www.martagarciailustracion.com\/wp-content\/uploads\/2023\/12\/all-over-print-tote-black-15x15-back-6569d70a607c8-500x500.jpg 500w, https:\/\/www.martagarciailustracion.com\/wp-content\/uploads\/2023\/12\/all-over-print-tote-black-15x15-back-6569d70a607c8-12x12.jpg 12w, https:\/\/www.martagarciailustracion.com\/wp-content\/uploads\/2023\/12\/all-over-print-tote-black-15x15-back-6569d70a607c8-256x256.jpg 256w\" sizes=\"(max-width: 1000px) 100vw, 1000px\" \/><\/div>\r\n\t\t<\/figure>\r\n\t<\/div>\r\n\t\r\n<\/div><\/div><\/div><\/div><div id=\"vc_row-69f21811ad22c\" class=\"vc_row wpb_row vc_row-fluid thegem-custom-69f21811ad2161111\"><div class=\"wpb_column vc_column_container vc_col-sm-8 thegem-custom-69f21811ad7991683\" ><div class=\"vc_column-inner thegem-custom-inner-69f21811ad79c\"><div class=\"wpb_wrapper thegem-custom-69f21811ad7991683\">\r\n\t\r\n\t\t<div class=\"wpb_text_column wpb_content_element  thegem-vc-text thegem-custom-69f21811ada6b2754\"  >\r\n\t\t\t<div class=\"wpb_wrapper\">\r\n\t\t\t\t<h3>ARTISAN CERAMIC PALETTE FOR MIXES (\u20ac39 \u2013 \u20ac55)<\/h3>\n<p>Mixing palettes are essential utensils in any artist's studio.<\/p>\n<p>These that I bring you here today are handmade in Spain, hence their high cost. They are unique pieces with a lot of personality.<\/p>\n<p>I haven't gotten one yet but they have been on my wish list for some time now.<\/p>\n<p class=\"translation-block\">I leave you the link to the store at <a href=\"https:\/\/www.etsy.com\/es\/shop\/PatriciaInvernon\" target=\"_self\">Etsy<\/a> so you can take a look at the entire catalog .<\/p>\n\r\n\t\t\t<\/div>\r\n\t\t\t<style>@media screen and (max-width: 1023px) {.thegem-vc-text.thegem-custom-69f21811ada6b2754{display: block!important;}}@media screen and (max-width: 767px) {.thegem-vc-text.thegem-custom-69f21811ada6b2754{display: block!important;}}@media screen and (max-width: 1023px) {.thegem-vc-text.thegem-custom-69f21811ada6b2754{position: relative !important;}}@media screen and (max-width: 767px) {.thegem-vc-text.thegem-custom-69f21811ada6b2754{position: relative !important;}}<\/style>\r\n\t\t<\/div>\r\n\t\r\n<\/div><\/div><\/div><div class=\"wpb_column vc_column_container vc_col-sm-4 thegem-custom-69f21811adfeb219\" ><div class=\"vc_column-inner thegem-custom-inner-69f21811adfee\"><div class=\"wpb_wrapper thegem-custom-69f21811adfeb219\">\r\n\t\r\n\t<div  class=\"wpb_single_image wpb_content_element vc_align_left\" >\r\n\t\t\r\n\t\t<figure class=\"wpb_wrapper vc_figure\">\r\n\t\t\t<div class=\"vc_single_image-wrapper   vc_box_border_grey\"><img width=\"504\" height=\"503\" src=\"https:\/\/www.martagarciailustracion.com\/wp-content\/uploads\/2023\/12\/05.jpg\" class=\"vc_single_image-img attachment-large\" alt=\"paleta artesana cer\u00e1mica acuarela\" title=\"paleta artesana cer\u00e1mica acuarela\" srcset=\"https:\/\/www.martagarciailustracion.com\/wp-content\/uploads\/2023\/12\/05.jpg 504w, https:\/\/www.martagarciailustracion.com\/wp-content\/uploads\/2023\/12\/05-160x160.jpg 160w, https:\/\/www.martagarciailustracion.com\/wp-content\/uploads\/2023\/12\/05-180x180.jpg 180w, https:\/\/www.martagarciailustracion.com\/wp-content\/uploads\/2023\/12\/05-300x300.jpg 300w, https:\/\/www.martagarciailustracion.com\/wp-content\/uploads\/2023\/12\/05-150x150.jpg 150w, https:\/\/www.martagarciailustracion.com\/wp-content\/uploads\/2023\/12\/05-500x500.jpg 500w, https:\/\/www.martagarciailustracion.com\/wp-content\/uploads\/2023\/12\/05-12x12.jpg 12w, https:\/\/www.martagarciailustracion.com\/wp-content\/uploads\/2023\/12\/05-256x256.jpg 256w\" sizes=\"(max-width: 504px) 100vw, 504px\" \/><\/div>\r\n\t\t<\/figure>\r\n\t<\/div>\r\n\t\r\n<\/div><\/div><\/div><\/div><div id=\"vc_row-69f21811af114\" class=\"vc_row wpb_row vc_row-fluid thegem-custom-69f21811af0fd2374\"><div class=\"wpb_column vc_column_container vc_col-sm-12 thegem-custom-69f21811af6756963\" ><div class=\"vc_column-inner thegem-custom-inner-69f21811af679\"><div class=\"wpb_wrapper thegem-custom-69f21811af6756963\">\r\n\t\r\n\t\t<div class=\"wpb_text_column wpb_content_element  thegem-vc-text thegem-custom-69f21811af91e8073\"  >\r\n\t\t\t<div class=\"wpb_wrapper\">\r\n\t\t\t\t<p>How did you like the selection? I have tried to make it varied and suitable for all budgets.<\/p>\n<p>I hope you have a happy holiday.<\/p>\n<p>Until next time!<\/p>\n\r\n\t\t\t<\/div>\r\n\t\t\t<style>@media screen and (max-width: 1023px) {.thegem-vc-text.thegem-custom-69f21811af91e8073{display: block!important;}}@media screen and (max-width: 767px) {.thegem-vc-text.thegem-custom-69f21811af91e8073{display: block!important;}}@media screen and (max-width: 1023px) {.thegem-vc-text.thegem-custom-69f21811af91e8073{position: relative !important;}}@media screen and (max-width: 767px) {.thegem-vc-text.thegem-custom-69f21811af91e8073{position: relative !important;}}<\/style>\r\n\t\t<\/div>\r\n\t\r\n<\/div><\/div><\/div><\/div><div id=\"vc_row-69f21811affd7\" class=\"vc_row wpb_row vc_row-fluid thegem-custom-69f21811affc45681\"><div class=\"wpb_column vc_column_container vc_col-sm-12 thegem-custom-69f21811b05fb2426\" ><div class=\"vc_column-inner thegem-custom-inner-69f21811b05ff\"><div class=\"wpb_wrapper thegem-custom-69f21811b05fb2426\">\r\n\t\r\n\t\t<div class=\"wpb_text_column wpb_content_element  thegem-vc-text thegem-custom-69f21811b094d7512\"  >\r\n\t\t\t<div class=\"wpb_wrapper\">\r\n\t\t\t\t<h3>YOU MAY ALSO BE INTERESTED IN:<\/h3>\n\r\n\t\t\t<\/div>\r\n\t\t\t<style>@media screen and (max-width: 1023px) {.thegem-vc-text.thegem-custom-69f21811b094d7512{display: block!important;}}@media screen and (max-width: 767px) {.thegem-vc-text.thegem-custom-69f21811b094d7512{display: block!important;}}@media screen and (max-width: 1023px) {.thegem-vc-text.thegem-custom-69f21811b094d7512{position: relative !important;}}@media screen and (max-width: 767px) {.thegem-vc-text.thegem-custom-69f21811b094d7512{position: relative !important;}}<\/style>\r\n\t\t<\/div>\r\n\t\r\n<div class=\"vc_row wpb_row vc_inner vc_row-fluid thegem-custom-69f21811b0f876312 custom-inner-column-69f21811b0f94\" ><div class=\"wpb_column vc_column_container vc_col-sm-3 thegem-custom-69f21811b1554198\"><div class=\"vc_column-inner thegem-custom-inner-69f21811b1556\"><div class=\"wpb_wrapper thegem-custom-69f21811b1554198\">\r\n\t\r\n\t<div  class=\"wpb_single_image wpb_content_element vc_align_left\" >\r\n\t\t\r\n\t\t<figure class=\"wpb_wrapper vc_figure\">\r\n\t\t\t<a href=\"https:\/\/www.martagarciailustracion.com\/en\/polaroid-636-closeup-mi-experiencia-con-esta-camara-vintage-que-revoluciono-los-90\/\" target=\"_self\" class=\"vc_single_image-wrapper   vc_box_border_grey\"><img width=\"548\" height=\"813\" src=\"https:\/\/www.martagarciailustracion.com\/wp-content\/uploads\/2023\/11\/PORTADA-WEB-copia-2.jpg\" class=\"vc_single_image-img attachment-large\" alt=\"polaroid 636 closeup. Mi experiencia con esta c\u00e1mara vintage que revolucion\u00f3 los 90\" title=\"polaroid 636 closeup. Mi experiencia con esta c\u00e1mara vintage que revolucion\u00f3 los 90\" srcset=\"https:\/\/www.martagarciailustracion.com\/wp-content\/uploads\/2023\/11\/PORTADA-WEB-copia-2.jpg 548w, https:\/\/www.martagarciailustracion.com\/wp-content\/uploads\/2023\/11\/PORTADA-WEB-copia-2-202x300.jpg 202w, https:\/\/www.martagarciailustracion.com\/wp-content\/uploads\/2023\/11\/PORTADA-WEB-copia-2-8x12.jpg 8w\" sizes=\"(max-width: 548px) 100vw, 548px\" \/><\/a>\r\n\t\t<\/figure>\r\n\t<\/div>\r\n\t\r\n<\/div><\/div><\/div><div class=\"wpb_column vc_column_container vc_col-sm-3 thegem-custom-69f21811b25b72600\"><div class=\"vc_column-inner thegem-custom-inner-69f21811b25ba\"><div class=\"wpb_wrapper thegem-custom-69f21811b25b72600\">\r\n\t\r\n\t<div  class=\"wpb_single_image wpb_content_element vc_align_left\" >\r\n\t\t\r\n\t\t<figure class=\"wpb_wrapper vc_figure\">\r\n\t\t\t<a href=\"https:\/\/www.martagarciailustracion.com\/en\/descarga-del-mes-un-pequeno-avance-de-mi-nueva-coleccion-native\/\" target=\"_self\" class=\"vc_single_image-wrapper   vc_box_border_grey\"><img width=\"548\" height=\"813\" src=\"https:\/\/www.martagarciailustracion.com\/wp-content\/uploads\/2023\/11\/PORTADA-WEB-copia.jpg\" class=\"vc_single_image-img attachment-large\" alt=\"https:\/\/www.martagarciailustracion.com\/6-ideas-de-regalos-para-personas-creativas\" title=\"Downloadable of the month - my new collection NATIVE\" srcset=\"https:\/\/www.martagarciailustracion.com\/wp-content\/uploads\/2023\/11\/PORTADA-WEB-copia.jpg 548w, https:\/\/www.martagarciailustracion.com\/wp-content\/uploads\/2023\/11\/PORTADA-WEB-copia-202x300.jpg 202w, https:\/\/www.martagarciailustracion.com\/wp-content\/uploads\/2023\/11\/PORTADA-WEB-copia-8x12.jpg 8w\" sizes=\"(max-width: 548px) 100vw, 548px\" \/><\/a>\r\n\t\t<\/figure>\r\n\t<\/div>\r\n\t\r\n<\/div><\/div><\/div><div class=\"wpb_column vc_column_container vc_col-sm-3 thegem-custom-69f21811b34a82512\"><div class=\"vc_column-inner thegem-custom-inner-69f21811b34aa\"><div class=\"wpb_wrapper thegem-custom-69f21811b34a82512\">\r\n\t\r\n\t<div  class=\"wpb_single_image wpb_content_element vc_align_left\" >\r\n\t\t\r\n\t\t<figure class=\"wpb_wrapper vc_figure\">\r\n\t\t\t<a href=\"https:\/\/www.martagarciailustracion.com\/en\/nuevos-tesoros-amplio-mi-coleccion-de-acuarelas\/\" target=\"_self\" class=\"vc_single_image-wrapper   vc_box_border_grey\"><img width=\"548\" height=\"813\" src=\"https:\/\/www.martagarciailustracion.com\/wp-content\/uploads\/2023\/10\/PORTADA-WEB-copia.jpg\" class=\"vc_single_image-img attachment-large\" alt=\"nuevos tesoros - Acuarelas Dr. Ph. Martins\" title=\"new treasures - Dr. Ph. Martin&#039;s liquid watercolor\" srcset=\"https:\/\/www.martagarciailustracion.com\/wp-content\/uploads\/2023\/10\/PORTADA-WEB-copia.jpg 548w, https:\/\/www.martagarciailustracion.com\/wp-content\/uploads\/2023\/10\/PORTADA-WEB-copia-202x300.jpg 202w, https:\/\/www.martagarciailustracion.com\/wp-content\/uploads\/2023\/10\/PORTADA-WEB-copia-8x12.jpg 8w\" sizes=\"(max-width: 548px) 100vw, 548px\" \/><\/a>\r\n\t\t<\/figure>\r\n\t<\/div>\r\n\t\r\n<\/div><\/div><\/div><div class=\"wpb_column vc_column_container vc_col-sm-3 thegem-custom-69f21811b427b4083\"><div class=\"vc_column-inner thegem-custom-inner-69f21811b427e\"><div class=\"wpb_wrapper thegem-custom-69f21811b427b4083\">\r\n\t\r\n\t<div  class=\"wpb_single_image wpb_content_element vc_align_left\" >\r\n\t\t\r\n\t\t<figure class=\"wpb_wrapper vc_figure\">\r\n\t\t\t<a href=\"https:\/\/www.martagarciailustracion.com\/en\/mi-estuche-de-viaje-etchr-field-case\/\" target=\"_self\" class=\"vc_single_image-wrapper   vc_box_border_grey\"><img width=\"548\" height=\"813\" src=\"https:\/\/www.martagarciailustracion.com\/wp-content\/uploads\/2022\/09\/PORTADA-WEB-copia.jpg\" class=\"vc_single_image-img attachment-large\" alt=\"mi estuche de viaje ETCHR Field Case\" title=\"My travel case - ETCHR FIELD CASE\" srcset=\"https:\/\/www.martagarciailustracion.com\/wp-content\/uploads\/2022\/09\/PORTADA-WEB-copia.jpg 548w, https:\/\/www.martagarciailustracion.com\/wp-content\/uploads\/2022\/09\/PORTADA-WEB-copia-202x300.jpg 202w, https:\/\/www.martagarciailustracion.com\/wp-content\/uploads\/2022\/09\/PORTADA-WEB-copia-8x12.jpg 8w\" sizes=\"(max-width: 548px) 100vw, 548px\" \/><\/a>\r\n\t\t<\/figure>\r\n\t<\/div>\r\n\t\r\n<\/div><\/div><\/div><\/div><\/div><\/div><\/div><\/div>\n<\/div>","protected":false},"excerpt":{"rendered":"","protected":false},"author":3,"featured_media":42116,"comment_status":"open","ping_status":"open","sticky":false,"template":"","format":"standard","meta":{"_monsterinsights_skip_tracking":false,"_monsterinsights_sitenote_active":false,"_monsterinsights_sitenote_note":"","_monsterinsights_sitenote_category":0,"footnotes":""},"categories":[93,113],"tags":[103,102,104,100,94,105,96],"class_list":{"0":"post-42083","1":"post","2":"type-post","3":"status-publish","4":"format-standard","5":"has-post-thumbnail","7":"category-estilo-de-vida","8":"category-inspiracion","9":"tag-blog","10":"tag-comparativas","11":"tag-estilo-de-vida","12":"tag-marcas","13":"tag-materiales","14":"tag-mi-vida-como-artista","15":"tag-resena"},"yoast_head":"<!-- This site is optimized with the Yoast SEO plugin v27.5 - https:\/\/yoast.com\/product\/yoast-seo-wordpress\/ -->\n<title>6 ideas de regalos para personas creativas - martagarciailustracion<\/title>\n<meta name=\"description\" content=\"Os dejo ideas de regalos para mentes art\u00edsticas inquietas. Algunos de ellos los he probado personalmente y otros est\u00e1n en lo m\u00e1s alto de mi lista de deseos.\" \/>\n<meta name=\"robots\" content=\"index, follow, max-snippet:-1, max-image-preview:large, max-video-preview:-1\" \/>\n<link rel=\"canonical\" href=\"https:\/\/www.martagarciailustracion.com\/en\/6-ideas-de-regalos-para-personas-creativas\/\" \/>\n<meta property=\"og:locale\" content=\"en_US\" \/>\n<meta property=\"og:type\" content=\"article\" \/>\n<meta property=\"og:title\" content=\"6 ideas de regalos para personas creativas - martagarciailustracion\" \/>\n<meta property=\"og:description\" content=\"Os dejo ideas de regalos para mentes art\u00edsticas inquietas. Algunos de ellos los he probado personalmente y otros est\u00e1n en lo m\u00e1s alto de mi lista de deseos.\" \/>\n<meta property=\"og:url\" content=\"https:\/\/www.martagarciailustracion.com\/en\/6-ideas-de-regalos-para-personas-creativas\/\" \/>\n<meta property=\"og:site_name\" content=\"martagarciailustracion\" \/>\n<meta property=\"article:published_time\" content=\"2023-12-20T16:22:52+00:00\" \/>\n<meta property=\"article:modified_time\" content=\"2024-11-19T08:30:26+00:00\" \/>\n<meta property=\"og:image\" content=\"https:\/\/www.martagarciailustracion.com\/wp-content\/uploads\/2023\/12\/PORTADA-WEB-copia.jpg\" \/>\n\t<meta property=\"og:image:width\" content=\"548\" \/>\n\t<meta property=\"og:image:height\" content=\"813\" \/>\n\t<meta property=\"og:image:type\" content=\"image\/jpeg\" \/>\n<meta name=\"author\" content=\"Marta Garc\u00eda Gonz\u00e1lez\" \/>\n<meta name=\"twitter:card\" content=\"summary_large_image\" \/>\n<meta name=\"twitter:label1\" content=\"Written by\" \/>\n\t<meta name=\"twitter:data1\" content=\"Marta Garc\u00eda Gonz\u00e1lez\" \/>\n\t<meta name=\"twitter:label2\" content=\"Est. reading time\" \/>\n\t<meta name=\"twitter:data2\" content=\"4 minutes\" \/>\n<script type=\"application\/ld+json\" class=\"yoast-schema-graph\">{\"@context\":\"https:\\\/\\\/schema.org\",\"@graph\":[{\"@type\":\"Article\",\"@id\":\"https:\\\/\\\/www.martagarciailustracion.com\\\/6-ideas-de-regalos-para-personas-creativas\\\/#article\",\"isPartOf\":{\"@id\":\"https:\\\/\\\/www.martagarciailustracion.com\\\/6-ideas-de-regalos-para-personas-creativas\\\/\"},\"author\":{\"name\":\"Marta Garc\u00eda Gonz\u00e1lez\",\"@id\":\"https:\\\/\\\/www.martagarciailustracion.com\\\/#\\\/schema\\\/person\\\/b5f8ed47a46ae19f08a9d2a81f2f4c8c\"},\"headline\":\"6 ideas de regalos para personas creativas\",\"datePublished\":\"2023-12-20T16:22:52+00:00\",\"dateModified\":\"2024-11-19T08:30:26+00:00\",\"mainEntityOfPage\":{\"@id\":\"https:\\\/\\\/www.martagarciailustracion.com\\\/6-ideas-de-regalos-para-personas-creativas\\\/\"},\"wordCount\":1166,\"commentCount\":0,\"image\":{\"@id\":\"https:\\\/\\\/www.martagarciailustracion.com\\\/6-ideas-de-regalos-para-personas-creativas\\\/#primaryimage\"},\"thumbnailUrl\":\"https:\\\/\\\/www.martagarciailustracion.com\\\/wp-content\\\/uploads\\\/2023\\\/12\\\/PORTADA-WEB-copia.jpg\",\"keywords\":[\"blog\",\"comparativas\",\"estilo de vida\",\"marcas\",\"materiales\",\"mi vida como artista\",\"rese\u00f1a\"],\"articleSection\":[\"Estilo de vida\",\"Inspiraci\u00f3n\"],\"inLanguage\":\"en-US\",\"potentialAction\":[{\"@type\":\"CommentAction\",\"name\":\"Comment\",\"target\":[\"https:\\\/\\\/www.martagarciailustracion.com\\\/6-ideas-de-regalos-para-personas-creativas\\\/#respond\"]}]},{\"@type\":\"WebPage\",\"@id\":\"https:\\\/\\\/www.martagarciailustracion.com\\\/6-ideas-de-regalos-para-personas-creativas\\\/\",\"url\":\"https:\\\/\\\/www.martagarciailustracion.com\\\/6-ideas-de-regalos-para-personas-creativas\\\/\",\"name\":\"6 ideas de regalos para personas creativas - martagarciailustracion\",\"isPartOf\":{\"@id\":\"https:\\\/\\\/www.martagarciailustracion.com\\\/#website\"},\"primaryImageOfPage\":{\"@id\":\"https:\\\/\\\/www.martagarciailustracion.com\\\/6-ideas-de-regalos-para-personas-creativas\\\/#primaryimage\"},\"image\":{\"@id\":\"https:\\\/\\\/www.martagarciailustracion.com\\\/6-ideas-de-regalos-para-personas-creativas\\\/#primaryimage\"},\"thumbnailUrl\":\"https:\\\/\\\/www.martagarciailustracion.com\\\/wp-content\\\/uploads\\\/2023\\\/12\\\/PORTADA-WEB-copia.jpg\",\"datePublished\":\"2023-12-20T16:22:52+00:00\",\"dateModified\":\"2024-11-19T08:30:26+00:00\",\"author\":{\"@id\":\"https:\\\/\\\/www.martagarciailustracion.com\\\/#\\\/schema\\\/person\\\/b5f8ed47a46ae19f08a9d2a81f2f4c8c\"},\"description\":\"Os dejo ideas de regalos para mentes art\u00edsticas inquietas. Algunos de ellos los he probado personalmente y otros est\u00e1n en lo m\u00e1s alto de mi lista de deseos.\",\"breadcrumb\":{\"@id\":\"https:\\\/\\\/www.martagarciailustracion.com\\\/6-ideas-de-regalos-para-personas-creativas\\\/#breadcrumb\"},\"inLanguage\":\"en-US\",\"potentialAction\":[{\"@type\":\"ReadAction\",\"target\":[\"https:\\\/\\\/www.martagarciailustracion.com\\\/6-ideas-de-regalos-para-personas-creativas\\\/\"]}]},{\"@type\":\"ImageObject\",\"inLanguage\":\"en-US\",\"@id\":\"https:\\\/\\\/www.martagarciailustracion.com\\\/6-ideas-de-regalos-para-personas-creativas\\\/#primaryimage\",\"url\":\"https:\\\/\\\/www.martagarciailustracion.com\\\/wp-content\\\/uploads\\\/2023\\\/12\\\/PORTADA-WEB-copia.jpg\",\"contentUrl\":\"https:\\\/\\\/www.martagarciailustracion.com\\\/wp-content\\\/uploads\\\/2023\\\/12\\\/PORTADA-WEB-copia.jpg\",\"width\":548,\"height\":813,\"caption\":\"6 ideas de regalos para personas creativas\"},{\"@type\":\"BreadcrumbList\",\"@id\":\"https:\\\/\\\/www.martagarciailustracion.com\\\/6-ideas-de-regalos-para-personas-creativas\\\/#breadcrumb\",\"itemListElement\":[{\"@type\":\"ListItem\",\"position\":1,\"name\":\"Portada\",\"item\":\"https:\\\/\\\/www.martagarciailustracion.com\\\/\"},{\"@type\":\"ListItem\",\"position\":2,\"name\":\"6 ideas de regalos para personas creativas\"}]},{\"@type\":\"WebSite\",\"@id\":\"https:\\\/\\\/www.martagarciailustracion.com\\\/#website\",\"url\":\"https:\\\/\\\/www.martagarciailustracion.com\\\/\",\"name\":\"martagarciailustracion\",\"description\":\"Ilustradora y dise\u00f1adora de estampados. Blog de arte, tienda de ilustraciones y accesorios originales, portfolio y tutoriales de acuarela.\",\"potentialAction\":[{\"@type\":\"SearchAction\",\"target\":{\"@type\":\"EntryPoint\",\"urlTemplate\":\"https:\\\/\\\/www.martagarciailustracion.com\\\/?s={search_term_string}\"},\"query-input\":{\"@type\":\"PropertyValueSpecification\",\"valueRequired\":true,\"valueName\":\"search_term_string\"}}],\"inLanguage\":\"en-US\"},{\"@type\":\"Person\",\"@id\":\"https:\\\/\\\/www.martagarciailustracion.com\\\/#\\\/schema\\\/person\\\/b5f8ed47a46ae19f08a9d2a81f2f4c8c\",\"name\":\"Marta Garc\u00eda Gonz\u00e1lez\",\"image\":{\"@type\":\"ImageObject\",\"inLanguage\":\"en-US\",\"@id\":\"https:\\\/\\\/secure.gravatar.com\\\/avatar\\\/cdedb5e17af9aa3e410982f545cb9e831e059b4c1700901228f6f89ab2db0a12?s=96&d=mm&r=g\",\"url\":\"https:\\\/\\\/secure.gravatar.com\\\/avatar\\\/cdedb5e17af9aa3e410982f545cb9e831e059b4c1700901228f6f89ab2db0a12?s=96&d=mm&r=g\",\"contentUrl\":\"https:\\\/\\\/secure.gravatar.com\\\/avatar\\\/cdedb5e17af9aa3e410982f545cb9e831e059b4c1700901228f6f89ab2db0a12?s=96&d=mm&r=g\",\"caption\":\"Marta Garc\u00eda Gonz\u00e1lez\"},\"url\":\"https:\\\/\\\/www.martagarciailustracion.com\\\/en\\\/author\\\/martagarcia\\\/\"}]}<\/script>\n<!-- \/ Yoast SEO plugin. -->","yoast_head_json":{"title":"6 ideas de regalos para personas creativas - martagarciailustracion","description":"Os dejo ideas de regalos para mentes art\u00edsticas inquietas. Algunos de ellos los he probado personalmente y otros est\u00e1n en lo m\u00e1s alto de mi lista de deseos.","robots":{"index":"index","follow":"follow","max-snippet":"max-snippet:-1","max-image-preview":"max-image-preview:large","max-video-preview":"max-video-preview:-1"},"canonical":"https:\/\/www.martagarciailustracion.com\/en\/6-ideas-de-regalos-para-personas-creativas\/","og_locale":"en_US","og_type":"article","og_title":"6 ideas de regalos para personas creativas - martagarciailustracion","og_description":"Os dejo ideas de regalos para mentes art\u00edsticas inquietas. Algunos de ellos los he probado personalmente y otros est\u00e1n en lo m\u00e1s alto de mi lista de deseos.","og_url":"https:\/\/www.martagarciailustracion.com\/en\/6-ideas-de-regalos-para-personas-creativas\/","og_site_name":"martagarciailustracion","article_published_time":"2023-12-20T16:22:52+00:00","article_modified_time":"2024-11-19T08:30:26+00:00","og_image":[{"width":548,"height":813,"url":"https:\/\/www.martagarciailustracion.com\/wp-content\/uploads\/2023\/12\/PORTADA-WEB-copia.jpg","type":"image\/jpeg"}],"author":"Marta Garc\u00eda Gonz\u00e1lez","twitter_card":"summary_large_image","twitter_misc":{"Written by":"Marta Garc\u00eda Gonz\u00e1lez","Est. reading time":"4 minutes"},"schema":{"@context":"https:\/\/schema.org","@graph":[{"@type":"Article","@id":"https:\/\/www.martagarciailustracion.com\/6-ideas-de-regalos-para-personas-creativas\/#article","isPartOf":{"@id":"https:\/\/www.martagarciailustracion.com\/6-ideas-de-regalos-para-personas-creativas\/"},"author":{"name":"Marta Garc\u00eda Gonz\u00e1lez","@id":"https:\/\/www.martagarciailustracion.com\/#\/schema\/person\/b5f8ed47a46ae19f08a9d2a81f2f4c8c"},"headline":"6 ideas de regalos para personas creativas","datePublished":"2023-12-20T16:22:52+00:00","dateModified":"2024-11-19T08:30:26+00:00","mainEntityOfPage":{"@id":"https:\/\/www.martagarciailustracion.com\/6-ideas-de-regalos-para-personas-creativas\/"},"wordCount":1166,"commentCount":0,"image":{"@id":"https:\/\/www.martagarciailustracion.com\/6-ideas-de-regalos-para-personas-creativas\/#primaryimage"},"thumbnailUrl":"https:\/\/www.martagarciailustracion.com\/wp-content\/uploads\/2023\/12\/PORTADA-WEB-copia.jpg","keywords":["blog","comparativas","estilo de vida","marcas","materiales","mi vida como artista","rese\u00f1a"],"articleSection":["Estilo de vida","Inspiraci\u00f3n"],"inLanguage":"en-US","potentialAction":[{"@type":"CommentAction","name":"Comment","target":["https:\/\/www.martagarciailustracion.com\/6-ideas-de-regalos-para-personas-creativas\/#respond"]}]},{"@type":"WebPage","@id":"https:\/\/www.martagarciailustracion.com\/6-ideas-de-regalos-para-personas-creativas\/","url":"https:\/\/www.martagarciailustracion.com\/6-ideas-de-regalos-para-personas-creativas\/","name":"6 ideas de regalos para personas creativas - martagarciailustracion","isPartOf":{"@id":"https:\/\/www.martagarciailustracion.com\/#website"},"primaryImageOfPage":{"@id":"https:\/\/www.martagarciailustracion.com\/6-ideas-de-regalos-para-personas-creativas\/#primaryimage"},"image":{"@id":"https:\/\/www.martagarciailustracion.com\/6-ideas-de-regalos-para-personas-creativas\/#primaryimage"},"thumbnailUrl":"https:\/\/www.martagarciailustracion.com\/wp-content\/uploads\/2023\/12\/PORTADA-WEB-copia.jpg","datePublished":"2023-12-20T16:22:52+00:00","dateModified":"2024-11-19T08:30:26+00:00","author":{"@id":"https:\/\/www.martagarciailustracion.com\/#\/schema\/person\/b5f8ed47a46ae19f08a9d2a81f2f4c8c"},"description":"Os dejo ideas de regalos para mentes art\u00edsticas inquietas. Algunos de ellos los he probado personalmente y otros est\u00e1n en lo m\u00e1s alto de mi lista de deseos.","breadcrumb":{"@id":"https:\/\/www.martagarciailustracion.com\/6-ideas-de-regalos-para-personas-creativas\/#breadcrumb"},"inLanguage":"en-US","potentialAction":[{"@type":"ReadAction","target":["https:\/\/www.martagarciailustracion.com\/6-ideas-de-regalos-para-personas-creativas\/"]}]},{"@type":"ImageObject","inLanguage":"en-US","@id":"https:\/\/www.martagarciailustracion.com\/6-ideas-de-regalos-para-personas-creativas\/#primaryimage","url":"https:\/\/www.martagarciailustracion.com\/wp-content\/uploads\/2023\/12\/PORTADA-WEB-copia.jpg","contentUrl":"https:\/\/www.martagarciailustracion.com\/wp-content\/uploads\/2023\/12\/PORTADA-WEB-copia.jpg","width":548,"height":813,"caption":"6 ideas de regalos para personas creativas"},{"@type":"BreadcrumbList","@id":"https:\/\/www.martagarciailustracion.com\/6-ideas-de-regalos-para-personas-creativas\/#breadcrumb","itemListElement":[{"@type":"ListItem","position":1,"name":"Portada","item":"https:\/\/www.martagarciailustracion.com\/"},{"@type":"ListItem","position":2,"name":"6 ideas de regalos para personas creativas"}]},{"@type":"WebSite","@id":"https:\/\/www.martagarciailustracion.com\/#website","url":"https:\/\/www.martagarciailustracion.com\/","name":"martagarciailustracion","description":"Ilustradora y dise\u00f1adora de estampados. Blog de arte, tienda de ilustraciones y accesorios originales, portfolio y tutoriales de acuarela.","potentialAction":[{"@type":"SearchAction","target":{"@type":"EntryPoint","urlTemplate":"https:\/\/www.martagarciailustracion.com\/?s={search_term_string}"},"query-input":{"@type":"PropertyValueSpecification","valueRequired":true,"valueName":"search_term_string"}}],"inLanguage":"en-US"},{"@type":"Person","@id":"https:\/\/www.martagarciailustracion.com\/#\/schema\/person\/b5f8ed47a46ae19f08a9d2a81f2f4c8c","name":"Marta Garc\u00eda Gonz\u00e1lez","image":{"@type":"ImageObject","inLanguage":"en-US","@id":"https:\/\/secure.gravatar.com\/avatar\/cdedb5e17af9aa3e410982f545cb9e831e059b4c1700901228f6f89ab2db0a12?s=96&d=mm&r=g","url":"https:\/\/secure.gravatar.com\/avatar\/cdedb5e17af9aa3e410982f545cb9e831e059b4c1700901228f6f89ab2db0a12?s=96&d=mm&r=g","contentUrl":"https:\/\/secure.gravatar.com\/avatar\/cdedb5e17af9aa3e410982f545cb9e831e059b4c1700901228f6f89ab2db0a12?s=96&d=mm&r=g","caption":"Marta Garc\u00eda Gonz\u00e1lez"},"url":"https:\/\/www.martagarciailustracion.com\/en\/author\/martagarcia\/"}]}},"menu_order":0,"_links":{"self":[{"href":"https:\/\/www.martagarciailustracion.com\/en\/wp-json\/wp\/v2\/posts\/42083","targetHints":{"allow":["GET"]}}],"collection":[{"href":"https:\/\/www.martagarciailustracion.com\/en\/wp-json\/wp\/v2\/posts"}],"about":[{"href":"https:\/\/www.martagarciailustracion.com\/en\/wp-json\/wp\/v2\/types\/post"}],"author":[{"embeddable":true,"href":"https:\/\/www.martagarciailustracion.com\/en\/wp-json\/wp\/v2\/users\/3"}],"replies":[{"embeddable":true,"href":"https:\/\/www.martagarciailustracion.com\/en\/wp-json\/wp\/v2\/comments?post=42083"}],"version-history":[{"count":3,"href":"https:\/\/www.martagarciailustracion.com\/en\/wp-json\/wp\/v2\/posts\/42083\/revisions"}],"predecessor-version":[{"id":43936,"href":"https:\/\/www.martagarciailustracion.com\/en\/wp-json\/wp\/v2\/posts\/42083\/revisions\/43936"}],"wp:featuredmedia":[{"embeddable":true,"href":"https:\/\/www.martagarciailustracion.com\/en\/wp-json\/wp\/v2\/media\/42116"}],"wp:attachment":[{"href":"https:\/\/www.martagarciailustracion.com\/en\/wp-json\/wp\/v2\/media?parent=42083"}],"wp:term":[{"taxonomy":"category","embeddable":true,"href":"https:\/\/www.martagarciailustracion.com\/en\/wp-json\/wp\/v2\/categories?post=42083"},{"taxonomy":"post_tag","embeddable":true,"href":"https:\/\/www.martagarciailustracion.com\/en\/wp-json\/wp\/v2\/tags?post=42083"}],"curies":[{"name":"wp","href":"https:\/\/api.w.org\/{rel}","templated":true}]}}